{"id":20881,"date":"2016-01-13T12:25:21","date_gmt":"2016-01-13T18:25:21","guid":{"rendered":"https:\/\/radiowebmx.com\/nota\/?p=20881"},"modified":"2016-01-13T12:25:21","modified_gmt":"2016-01-13T18:25:21","slug":"cobaem-y-udem-firman-convenio-para-fortalecer-la-calidad-educativa-en-michoacan","status":"publish","type":"post","link":"https:\/\/radiowebmx.com\/nota\/cobaem-y-udem-firman-convenio-para-fortalecer-la-calidad-educativa-en-michoacan\/","title":{"rendered":"Cobaem y UDEM firman convenio para fortalecer la calidad educativa en Michoac\u00e1n"},"content":{"rendered":"<p><a href=\"https:\/\/radiowebmx.com\/nota\/wp-content\/uploads\/2016\/01\/42c214c2-671d-41da-b0b8-4f356a364fb2.jpg\"><img loading=\"lazy\" decoding=\"async\" class=\"alignleft size-full wp-image-20882\" src=\"https:\/\/radiowebmx.com\/nota\/wp-content\/uploads\/2016\/01\/42c214c2-671d-41da-b0b8-4f356a364fb2.jpg\" alt=\"42c214c2-671d-41da-b0b8-4f356a364fb2\" width=\"591\" height=\"354\" srcset=\"https:\/\/radiowebmx.com\/nota\/wp-content\/uploads\/2016\/01\/42c214c2-671d-41da-b0b8-4f356a364fb2.jpg 591w, https:\/\/radiowebmx.com\/nota\/wp-content\/uploads\/2016\/01\/42c214c2-671d-41da-b0b8-4f356a364fb2-300x180.jpg 300w\" sizes=\"auto, (max-width: 591px) 100vw, 591px\" \/><\/a>Con el objetivo de establecer v\u00ednculos para la realizaci\u00f3n de proyectos acad\u00e9micos en beneficio de los estudiantes\u00a0y de los trabajadores\u00a0del Colegio de Bachilleres del Estado de Michoac\u00e1n (Cobaem), as\u00ed como de los alumnos de la Universidad de Morelia (UDEM), los titulares de ambas instituciones, Alejandro Bustos Aguilar y Pedro Ch\u00e1vez Villa, respectivamente, firmaron un convenio de colaboraci\u00f3n.<\/p>\n<p>Bustos Aguilar refrend\u00f3 que uno de los objetivos de la administraci\u00f3n que encabeza el Gobernador del Estado, Silvano Aureoles Conejo, es que los michoacanos accedan a una educaci\u00f3n de calidad, y que la firma de este convenio brindar\u00e1 beneficios acad\u00e9micos a la sociedad.<\/p>\n<p>Detall\u00f3 que el Cobaem ofrecer\u00e1 a los alumnos interesados de la UDEM los espacios disponibles para que realicen sus pr\u00e1cticas profesionales o su servicio social.<\/p>\n<p>Por su parte, la UDEM ofrecer\u00e1 un esquema de becas para egresados del Colegio y para empleados o familiares directivos de los mismos, quienes podr\u00e1n cursar alguna licenciatura en la modalidad escolarizada, maestr\u00edas o posgrados.<\/p>\n<p>Asimismo, mediante el convenio se impulsar\u00e1 la participaci\u00f3n rec\u00edproca en proyectos de vinculaci\u00f3n que beneficien tanto al Cobaem como a la UDEM.<\/p>\n<p>En su mensaje, Pedro Ch\u00e1vez Villa expres\u00f3: \u201ccon este convenio queremos llegar lejos, ya que tenemos mucho por hacer como instituci\u00f3n educativa. Est\u00e1n establecidas las alianzas de c\u00f3mo queremos que funcione este convenio para alumnos, docentes, de pr\u00e1cticas profesionales, servicio social y capacitaci\u00f3n docente\u201d.<\/p>\n<p>Alejandro Bustos Aguilar destac\u00f3 la importancia de que en el Cobaem los indicadores de absorci\u00f3n, permanencia y egreso sean vinculados con el seguimiento de egresados. En este sentido, expuso que el Colegio cuenta con una matr\u00edcula de m\u00e1s de 47 mil alumnos, a quienes \u201cdebemos darles seguimiento para saber a d\u00f3nde van, c\u00f3mo salen, c\u00f3mo son recibidos\u201d.<\/p>\n<p>\u201cDebo comentarles que tenemos experiencias muy importantes, y que se abra un espacio como \u00e9ste nos da gusto porque es una oportunidad no solo para nuestros alumnos, sino tambi\u00e9n para la capacitaci\u00f3n de nuestros docentes. Juntos llegaremos lejos y siendo positivos lograremos nuestras metas\u201d, expres\u00f3.<\/p>\n","protected":false},"excerpt":{"rendered":"<p>Con el objetivo de establecer v\u00ednculos para la realizaci\u00f3n de proyectos acad\u00e9micos en beneficio de los estudiantes y de los trabajadores del Cobaem, as\u00ed como de los alumnos de la UDEM,<\/p>\n","protected":false},"author":1,"featured_media":20882,"comment_status":"open","ping_status":"open","sticky":false,"template":"","format":"standard","meta":{"footnotes":""},"categories":[14,3],"tags":[],"class_list":["post-20881","post","type-post","status-publish","format-standard","has-post-thumbnail","hentry","category-destacadas","category-gobierno-del-estado-de-michoacan"],"_links":{"self":[{"href":"https:\/\/radiowebmx.com\/nota\/wp-json\/wp\/v2\/posts\/20881","targetHints":{"allow":["GET"]}}],"collection":[{"href":"https:\/\/radiowebmx.com\/nota\/wp-json\/wp\/v2\/posts"}],"about":[{"href":"https:\/\/radiowebmx.com\/nota\/wp-json\/wp\/v2\/types\/post"}],"author":[{"embeddable":true,"href":"https:\/\/radiowebmx.com\/nota\/wp-json\/wp\/v2\/users\/1"}],"replies":[{"embeddable":true,"href":"https:\/\/radiowebmx.com\/nota\/wp-json\/wp\/v2\/comments?post=20881"}],"version-history":[{"count":1,"href":"https:\/\/radiowebmx.com\/nota\/wp-json\/wp\/v2\/posts\/20881\/revisions"}],"predecessor-version":[{"id":20883,"href":"https:\/\/radiowebmx.com\/nota\/wp-json\/wp\/v2\/posts\/20881\/revisions\/20883"}],"wp:featuredmedia":[{"embeddable":true,"href":"https:\/\/radiowebmx.com\/nota\/wp-json\/wp\/v2\/media\/20882"}],"wp:attachment":[{"href":"https:\/\/radiowebmx.com\/nota\/wp-json\/wp\/v2\/media?parent=20881"}],"wp:term":[{"taxonomy":"category","embeddable":true,"href":"https:\/\/radiowebmx.com\/nota\/wp-json\/wp\/v2\/categories?post=20881"},{"taxonomy":"post_tag","embeddable":true,"href":"https:\/\/radiowebmx.com\/nota\/wp-json\/wp\/v2\/tags?post=20881"}],"curies":[{"name":"wp","href":"https:\/\/api.w.org\/{rel}","templated":true}]}}