{"id":20877,"date":"2016-01-13T12:16:39","date_gmt":"2016-01-13T18:16:39","guid":{"rendered":"https:\/\/radiowebmx.com\/nota\/?p=20877"},"modified":"2016-01-13T12:16:39","modified_gmt":"2016-01-13T18:16:39","slug":"alfonso-martinez-fomenta-el-desarrollo-empresarial-de-los-jovenes","status":"publish","type":"post","link":"https:\/\/radiowebmx.com\/nota\/alfonso-martinez-fomenta-el-desarrollo-empresarial-de-los-jovenes\/","title":{"rendered":"Alfonso Mart\u00ednez fomenta el desarrollo empresarial de los j\u00f3venes"},"content":{"rendered":"<p><a href=\"https:\/\/radiowebmx.com\/nota\/wp-content\/uploads\/2016\/01\/f11b462c-d7fd-4f02-abec-ef351a723181.jpg\"><img loading=\"lazy\" decoding=\"async\" class=\"alignleft size-full wp-image-20878\" src=\"https:\/\/radiowebmx.com\/nota\/wp-content\/uploads\/2016\/01\/f11b462c-d7fd-4f02-abec-ef351a723181.jpg\" alt=\"f11b462c-d7fd-4f02-abec-ef351a723181\" width=\"591\" height=\"341\" srcset=\"https:\/\/radiowebmx.com\/nota\/wp-content\/uploads\/2016\/01\/f11b462c-d7fd-4f02-abec-ef351a723181.jpg 591w, https:\/\/radiowebmx.com\/nota\/wp-content\/uploads\/2016\/01\/f11b462c-d7fd-4f02-abec-ef351a723181-300x173.jpg 300w\" sizes=\"auto, (max-width: 591px) 100vw, 591px\" \/><\/a>El Ayuntamiento de Morelia liderado por el presidente municipal, Alfonso Mart\u00ednez Alc\u00e1zar a trav\u00e9s de la Secretar\u00eda de Desarrollo Econ\u00f3mico y Emprendedor, coordinan esfuerzos con el Instituto Nacional del Emprendedor (Inadem) para apoyar a j\u00f3venes que tienen una idea de negocio y acompa\u00f1arlos hasta lograr un proyecto empresarial.<\/p>\n<p>La titular de la oficina municipal, Ireri Rivera Garc\u00eda, inform\u00f3 que el Gobierno Federal a trav\u00e9s del Instituto Nacional del Emprendedor, ofrece cr\u00e9ditos econ\u00f3micos, \u00a0como el programa \u201cCr\u00e9dito Joven\u201d y asesor\u00eda para echar andar nuevos negocios, a j\u00f3venes de entre 18 a 30 a\u00f1os de edad, y para acceder a ellos, se deben cubrir una serie de requisitos entre otros, atender un curso de capacitaci\u00f3n por l\u00ednea.<\/p>\n<p>Los interesados deben acercarse a la Secretar\u00eda de Desarrollo Econ\u00f3mico y Emprendedor del Ayuntamiento de Morelia para recibir orientaci\u00f3n y poderse registrar en el Programa de Incubaci\u00f3n en L\u00ednea.<\/p>\n<p>Rivera Garc\u00eda, puntualiz\u00f3 que el trabajo de la Secretar\u00eda de Desarrollo Econ\u00f3mico y Emprendedor ser\u00e1 el de darle mayor difusi\u00f3n, entre los j\u00f3venes emprendedores de Morelia, de estos apoyos y programas federales, as\u00ed como dar asesor\u00eda y atenci\u00f3n personalizada resolviendo dudas surgidas en el curso de capacitaci\u00f3n en l\u00ednea.<\/p>\n<p>La titular de la pol\u00edtica econ\u00f3mica de Morelia, inform\u00f3 que se trabaja en aportar nuevos proyectos e ideas para aterrizar mejores programas municipales de apoyo a los emprendedores y a la micro y peque\u00f1a empresa local.<\/p>\n<p>Asegur\u00f3 que cada vez son m\u00e1s los estudiantes y j\u00f3venes de la ciudad que presentan proyectos productivos con potencial de desarrollo, y que s\u00f3lo requieren de un primer apoyo e impulso para lograr concretar lo que ser\u00e1n nuevas empresas.<\/p>\n<p>De ah\u00ed, dijo, que la instrucci\u00f3n del Presidente Municipal, Alfonso Mart\u00ednez, es atender la demanda de los ciudadanos marcados en este caso, en lo j\u00f3venes y emprendedores.<\/p>\n","protected":false},"excerpt":{"rendered":"<p>El Ayuntamiento de Morelia liderado por el presidente municipal, Alfonso Mart\u00ednez Alc\u00e1zar a trav\u00e9s de la Secretar\u00eda de Desarrollo Econ\u00f3mico y Emprendedor,<\/p>\n","protected":false},"author":1,"featured_media":20878,"comment_status":"open","ping_status":"open","sticky":false,"template":"","format":"standard","meta":{"footnotes":""},"categories":[14,9],"tags":[],"class_list":["post-20877","post","type-post","status-publish","format-standard","has-post-thumbnail","hentry","category-destacadas","category-morelia"],"_links":{"self":[{"href":"https:\/\/radiowebmx.com\/nota\/wp-json\/wp\/v2\/posts\/20877","targetHints":{"allow":["GET"]}}],"collection":[{"href":"https:\/\/radiowebmx.com\/nota\/wp-json\/wp\/v2\/posts"}],"about":[{"href":"https:\/\/radiowebmx.com\/nota\/wp-json\/wp\/v2\/types\/post"}],"author":[{"embeddable":true,"href":"https:\/\/radiowebmx.com\/nota\/wp-json\/wp\/v2\/users\/1"}],"replies":[{"embeddable":true,"href":"https:\/\/radiowebmx.com\/nota\/wp-json\/wp\/v2\/comments?post=20877"}],"version-history":[{"count":1,"href":"https:\/\/radiowebmx.com\/nota\/wp-json\/wp\/v2\/posts\/20877\/revisions"}],"predecessor-version":[{"id":20879,"href":"https:\/\/radiowebmx.com\/nota\/wp-json\/wp\/v2\/posts\/20877\/revisions\/20879"}],"wp:featuredmedia":[{"embeddable":true,"href":"https:\/\/radiowebmx.com\/nota\/wp-json\/wp\/v2\/media\/20878"}],"wp:attachment":[{"href":"https:\/\/radiowebmx.com\/nota\/wp-json\/wp\/v2\/media?parent=20877"}],"wp:term":[{"taxonomy":"category","embeddable":true,"href":"https:\/\/radiowebmx.com\/nota\/wp-json\/wp\/v2\/categories?post=20877"},{"taxonomy":"post_tag","embeddable":true,"href":"https:\/\/radiowebmx.com\/nota\/wp-json\/wp\/v2\/tags?post=20877"}],"curies":[{"name":"wp","href":"https:\/\/api.w.org\/{rel}","templated":true}]}}