{"id":20871,"date":"2016-01-13T12:09:56","date_gmt":"2016-01-13T18:09:56","guid":{"rendered":"https:\/\/radiowebmx.com\/nota\/?p=20871"},"modified":"2016-01-13T12:09:56","modified_gmt":"2016-01-13T18:09:56","slug":"octavo-foro-regional-de-consulta-y-participacion-ciudadana-para-la-conformacion-del-plan-estatal-de-desarrollo-integral-del-estado-de-michoacan-2015-2021-region-zamora","status":"publish","type":"post","link":"https:\/\/radiowebmx.com\/nota\/octavo-foro-regional-de-consulta-y-participacion-ciudadana-para-la-conformacion-del-plan-estatal-de-desarrollo-integral-del-estado-de-michoacan-2015-2021-region-zamora\/","title":{"rendered":"Octavo Foro Regional de Consulta y Participaci\u00f3n Ciudadana para la conformaci\u00f3n del Plan Estatal de Desarrollo Integral del Estado de Michoac\u00e1n 2015-2021, regi\u00f3n Zamora"},"content":{"rendered":"<p><a href=\"https:\/\/radiowebmx.com\/nota\/wp-content\/uploads\/2016\/01\/22e66c02-aded-4d6d-9807-179f1a6df807.jpg\"><img loading=\"lazy\" decoding=\"async\" class=\"alignleft size-full wp-image-20872\" src=\"https:\/\/radiowebmx.com\/nota\/wp-content\/uploads\/2016\/01\/22e66c02-aded-4d6d-9807-179f1a6df807.jpg\" alt=\"22e66c02-aded-4d6d-9807-179f1a6df807\" width=\"591\" height=\"358\" srcset=\"https:\/\/radiowebmx.com\/nota\/wp-content\/uploads\/2016\/01\/22e66c02-aded-4d6d-9807-179f1a6df807.jpg 591w, https:\/\/radiowebmx.com\/nota\/wp-content\/uploads\/2016\/01\/22e66c02-aded-4d6d-9807-179f1a6df807-300x182.jpg 300w\" sizes=\"auto, (max-width: 591px) 100vw, 591px\" \/><\/a>Muchas gracias se\u00f1or Presidente Municipal de Zamora muchas gracias por sus palabras, por recibirnos en este municipio el municipio de Zamora, gracias a los asistentes mujeres, hombres, j\u00f3venes asistentes a este Foro Regional de Consulta en el marco de la elaboraci\u00f3n del Plan Estatal de Desarrollo 2015-2021, muchas gracias por su presencia, por acompa\u00f1arnos en este evento, s\u00e9 que no ha concluido, viene la etapa de las mesas, les ruego que al concluir esta etapa del mensaje y el saludo no se vayan, sino que vayamos a las mesas porque necesitamos recoger las propuestas ya de manera puntual adem\u00e1s de lo que hayan podido compartir en esta etapa.<\/p>\n<p>Agradecerles mucho a los se\u00f1ores presidentes municipales de la regi\u00f3n su presencia, es muy importante que est\u00e9n ustedes en este encuentro, en este foro; a los se\u00f1ores delegados federales muchas gracias por su presencia, encabezados por el se\u00f1or delegado de Gobernaci\u00f3n, Florentino, agradecido por su presencia; a las se\u00f1oras diputadas gracias, a la se\u00f1ora diputada federal por este Distrito, a la se\u00f1ora diputada local tambi\u00e9n muchas gracias, mi agradecimiento a Rosita, diputada federal a Noem\u00ed, diputada local por acompa\u00f1arnos; a mis compa\u00f1eras, compa\u00f1eros del Gabinete que est\u00e1n aqu\u00ed acompa\u00f1ando en el desarrollo del Foro.<\/p>\n<p>Agradecerle mucho al Director del Tecnol\u00f3gico, muchas gracias se\u00f1or Director por recibirnos en las instalaciones del Tecnol\u00f3gico de Zamora, Tecnol\u00f3gico regional; a representantes de organizaciones de la sociedad civil, a mis amigos de Coparmex, muchas gracias Carlitos por su presencia, s\u00e9 que hay un n\u00famero muy importante aqu\u00ed de empresarios; a mis amigos freseros gracias, aqu\u00ed est\u00e1 el presidente del Consejo Nacional de la Fresa \u00bftodav\u00eda sigue siendo presidente Octavio o ya te dieron golpe de estado?, a los freseros; a los representantes de los medios; a todos de verdad con mucho gusto, a los dirigentes de las c\u00e1maras empresariales de la regi\u00f3n y de Zamora en particular; a mis amigos del campus de la Universidad, doctor muchas gracias por su presencia de la Universidad Michoacana.<\/p>\n<p>En fin veo un Foro muy nutrido le dec\u00eda al Presidente Municipal, compart\u00edamos esta reflexi\u00f3n, hay una presencia muy importante en el Foro, muchos liderazgos de la regi\u00f3n y desde luego de la Zamora, cosa que de verdad me da gusto contar con su presencia, a todas y a todos gracias y omito alg\u00fan reconocimiento me disculpo y lo corrijo, pero me da mucho gusto poder venir a Zamora y platicar con ustedes.<\/p>\n<p>La importancia del evento que hoy nos congrega, es por un lado un mandato legal hacer los foros regionales para la construcci\u00f3n del Plan Estatal de Desarrollo, pero m\u00e1s all\u00e1 del mandato legal, es una necesidad imperiosa que podamos consultar o recoger las distintas opiniones en torno a lo que debe de ser este documento rector de la pol\u00edtica p\u00fablica y del desarrollo del estado durante los siguientes cinco a\u00f1os y medio, seis a\u00f1os que habr\u00e1n de transcurrir de aqu\u00ed al 2021, y dice la Ley de Planeaci\u00f3n del Estado que habr\u00e1 que hacer las consultas regionales para la integraci\u00f3n del mismo.<\/p>\n<p>\u00bfQu\u00e9 les pido? Que nos metamos a hacer las propuestas correspondientes, que busquemos los mecanismos para que lo que se proponga se incluya en el documento y luego busquemos la manera de darle seguimiento, que ese va a ser el otro tema fundamental para que lo que se propone se pueda ver reflejado en el documento final que guiar\u00e1 las acciones del gobierno los siguientes a\u00f1os y luego monitorear c\u00f3mo va.<\/p>\n<p>El concepto central de la planeaci\u00f3n es que todo aquello que no se mide, no se puede evaluar, entonces necesitamos tener los mecanismos, las herramientas y desde luego los insumos para que podamos peri\u00f3dicamente revisar c\u00f3mo vamos y poder hacer una evaluaci\u00f3n en la evaluaci\u00f3n correspondiente, porque eso nos va a permitir\u00a0 trazar la ruta correcta para el desarrollo de nuestro estado y el desarrollo de nuestro estado est\u00e1 sustentado en el desarrollo de las regiones.<\/p>\n<p>Michoac\u00e1n tiene muy bien definidas sus regiones, diez regiones m\u00ednimo, quiz\u00e1 m\u00e1s, pero est\u00e1n definidas en la ley diez regiones que tienen claramente caracter\u00edsticas especiales y tienen su propio potencial; no es lo mismo que hablemos de la Sierra y de la Costa, o de la Tierra Caliente o de una de las Tierras Calientes porque tenemos dos o de la parte de la Meseta Pur\u00e9pecha, de la zona Lacustre, de la zona de Oriente del estado o del Baj\u00edo, de la Ci\u00e9nega; esta regi\u00f3n del estado que seguramente junto con el Valle de Tierra Caliente, zona desde Lombard\u00eda hasta Aguililla, Tepalcatepec que es otro de los grandes valles productivos del estado; la riqueza de la Ci\u00e9nega propiamente Brise\u00f1as, Venustiano, Cojumatl\u00e1n, Sahuayo, Jiquilpan, Villamar, toda esta parte que tambi\u00e9n tiene un potencial muy importante, pero m\u00e1s all\u00e1 o junto con ello el potencial que tiene esta regi\u00f3n es incalculable.<\/p>\n<p>Zamora y la regi\u00f3n por mucho tiempo ha sido el referente del desarrollo de nuestro estado, esta una regi\u00f3n prospera, yo s\u00e9 que si les digo esto a los de Sahuayo que ah\u00ed todos\u00a0 se sienten empresarios o su vocaci\u00f3n es empresario van a decir que es all\u00e1, pero esta regi\u00f3n por historia y por su naturaleza concentra uno de los potenciales m\u00e1s importantes del estado, simplemente Michoac\u00e1n ha rebasado las fronteras en el mundo por el conocimiento de las fresas de Zamora y que ahora con el nivel de desarrollo que se ha alcanzado, como dijo aqu\u00ed el se\u00f1or Presidente Municipal, de todo lo que se est\u00e1 haciendo, el nivel de desarrollo que han alcanzado los productores es digno de reconocimiento, que adem\u00e1s debo de decirlo porque es oportuno el avance que se ha tenido, lo que se ha logrado, pues es fundamentalmente gracias a la tenacidad, a la visi\u00f3n y al compromiso de los empresarios, empresarios del agro que en esta regi\u00f3n hay muchas y muchos y son muy exitosos.<\/p>\n<p>Por eso la importancia de recoger en el marco de este Foro sus propuestas y que nos permita juntos construir el horizonte del estado que queremos, el estado que deseamos, el estado que nos merecemos se puede construir, Michoac\u00e1n puede ser en el contexto mundial, porque tenemos una costa muy importante, un litoral muy importante que habr\u00e1 que aprovecharlo, por cierto \u00bfno hemos hecho el foro de la Costa verdad V\u00edctor? el foro de la Costa no lo hemos hecho, pero la Costa tiene un enorme potencial que ahora se adereza con la definici\u00f3n de la Zona Econ\u00f3mica Especial que abarca L\u00e1zaro C\u00e1rdenas y algunos otros municipios de Guerrero, pero que para nosotros es importante que tenga una buena parte de Michoac\u00e1n, de hecho debo decirles que la Zona Econ\u00f3mica Especial su base, su fortaleza est\u00e1 en Michoac\u00e1n por las circunstancias del Puerto, por la ubicaci\u00f3n que tiene en t\u00e9rminos log\u00edsticos que es muy importante y que ser\u00e1 el detonante para nosotros, incluso de marcar la pauta de lo que queremos sea el desarrollo de nuestro estado.<\/p>\n<p>Pero toda la Costa tiene mucho que dar, no solamente la parte tur\u00edstica digamos que se puede aprovechar, que no la hemos aprovechado, sino tambi\u00e9n en la pesca que es otro de los recursos que no hemos aprovechado ni un \u00e1pice, la pesca de nuestro litoral se la llevan nuestros vecinos de Nayarit y de Sinaloa, nosotros no pescamos m\u00e1s que unas cuantas \u201cgripas\u201d por ah\u00ed de vez en cuando, pero no hacemos nada en la Costa que pudiera desarrollar tambi\u00e9n esta rama de la agroindustria, que por cierto est\u00e1n por instalarse en L\u00e1zaro C\u00e1rdenas algunas empresas muy grandes vinculadas con el procesado del at\u00fan, porque pues resulta m\u00e1s funcional esta zona.<\/p>\n<p>Pero as\u00ed hablar del potencial de la Costa o de esta regi\u00f3n es hablar de lo que significa Michoac\u00e1n, somos un estado extraordinario que necesitamos sacarlo adelante.<\/p>\n<p>Ustedes recordar\u00e1n el pasado uno de octubre en el marco de la ceremonia donde protest\u00e9 como Gobernador del Estado, me compromet\u00ed a varias cosas, pero intente agrupar fundamentalmente mis retos en tres grandes ejes; por un lado resolver el tema econ\u00f3mico-financiero que por d\u00e9cadas nos ha generado muchos conflictos, es inaceptable por eso lo estamos resolviendo ya, que un estado como el nuestro tan rico tenga un gobierno pobre, incapaz de hacerle frente a las demandas de la gente, una debilidad institucional grotesca que no respond\u00eda a la altura y la demanda de los ciudadanos.<\/p>\n<p>Me propuse entonces arreglar el tema financiero del estado y ah\u00ed vamos, van avanzando bien las cosas y la primera muestra es que cerramos el a\u00f1o en las mejores condiciones, cuando tom\u00e9 yo la administraci\u00f3n casi al final del ciclo es normal que los recursos se comprometan y se terminen en los primeros meses del a\u00f1o, aun as\u00ed en el \u00faltimo tramo lo resolvimos con oportunidad. Empezando porque a mis amigos presidentes municipales les hab\u00edan tomado las participaciones de dos meses agosto y septiembre, y cuando llega octubre y me dicen los presidentes municipales \u201ces que no tenemos el dinero de las participaciones de agosto y septiembre\u201d, para m\u00ed hubiera sido muy sencillo decirles \u201cpues a m\u00ed de qu\u00e9 me reclaman, es un asunto del pasado\u201d, pero responsablemente yo no pod\u00eda hacer eso con los presidentes municipales y m\u00e1s bien lo que hice fue ponerme a gestionar para conseguir el recurso y resolver la crisis en la que estaban los ayuntamientos por la falta de liquidez y vaya que no son dos o tres pesos, s\u00f3lo para resolver ese hoyo financiero, tuve que conseguir m\u00e1s de 500 millones de pesos, s\u00f3lo para resolver el tema de los presidentes municipales.<\/p>\n<p>Para resolver el tema de la Universidad que se lleva una cantidad parecida, para resolver lo b\u00e1sico la Universidad, que por cierto nuestra Universidad que tanto queremos y admiramos, no puede seguir en esa ruta, cuando yo digo \u201cel Gobierno del Estado trae arrastrando un d\u00e9ficit de 5 mil 200 millones de pesos s\u00f3lo para pagar n\u00f3mina de maestros\u201d, pues aunque suene una cifra muy elevada, pues suena m\u00e1s elevada que la Universidad con un tama\u00f1o, no s\u00e9 una d\u00e9cima parte o una cosa as\u00ed, traiga un d\u00e9ficit de mil 100 millones de pesos cada a\u00f1o, eso no puede continuar as\u00ed, tiene que ser desde luego una decisi\u00f3n de la comunidad universitaria, pero tiene que resolverse por el bien de la Universidad y por el bien de su comunidad y por el bien del estado.<\/p>\n<p>Pero libramos bien el tema financiero y hemos trazado una ruta queridas amigas, amigos, se\u00f1ores presidentes municipales, compa\u00f1eros, todos, es importante este dato, si la ruta que he trazado se cumple en dos a\u00f1os sin necesidades adicionales, en dos a\u00f1os queda resuelto el problema del d\u00e9ficit financiero y queda ordenada la deuda contingente que rebasaba, ya no los 14 mil millones de pesos \u00bfustedes se imaginan recibir un gobierno con una deuda contingente de 14 mil millones de pesos y un d\u00e9ficit de pagos de 6 mil 900 millones de pesos? es para que no duerma uno en un par de a\u00f1os compa\u00f1eros. Ese asunto lo vamos resolviendo y vamos muy bien.<\/p>\n<p>En los siguientes d\u00edas, semanas y meses habr\u00e9 de presentar al Congreso otro paquete de propuestas para que resolvamos de manera estructural el problema financiero del gobierno, empezando por un ajuste, el ajuste que hicimos es del 25 por ciento en la parte de servicios personales, 25 por ciento de recorte, pero adicional a ello de manera personal yo me disminu\u00ed el salario un 25 por ciento, yo s\u00e9 que eso a nadie casi le importa pero tambi\u00e9n es una medida atendiendo a la circunstancia que vive el estado. Yo pens\u00e9 que me iban a hacer un monumento cuando decid\u00ed, porque eso impacta todo, impacta al Congreso, impacta a los se\u00f1ores presidentes municipales, impacta el Poder Judicial el hecho de que el titular de Ejecutivo se reduzca el salario, pero como est\u00e1 la cosa financiera del estado es necesario hacerlo, porque no podemos unos estar pensando que estamos bien y el resto de la poblaci\u00f3n o una parte de ella con severos problemas de hasta lo m\u00e1s elemental, entre otras cosas.<\/p>\n<p>Hasta hoy, en el cuarto mes del a\u00f1o, la mayor\u00eda, creo que todos los funcionarios de primer nivel no tienen tel\u00e9fono, no se les da gasolina y casi a nadie se me ha asignado veh\u00edculo oficial, es decir, andamos todav\u00eda en la ruta de la austeridad en el gasto total para que eso se pueda reflejar en el ordenamiento de las finanzas que sinceramente se los digo, va bien y pronto les estaremos entregando resultados con un monitoreo permanente que vamos a estar haciendo para que la gente tenga la informaci\u00f3n oportuna.<\/p>\n<p>El otro tema que me compromet\u00ed\u00a0 arreglar, es el tema educativo y vamos avanzando porque si no resolvemos el tema educativo, no podemos resolver en su totalidad el tema financiero, y entonces estamos haciendo todo nuestro esfuerzo empezando por resolver una demanda a\u00f1eja de los padres de familia y de la maestras y los maestros: el rezago en materia de infraestructura.<\/p>\n<p>Con el convenio que firm\u00e9 hace un par de meses ya porque lo firm\u00e9 a finales de octubre, principios de noviembre, por un monto de mil 800 millones de pesos con el Gobierno Federal, m\u00e1s el presupuesto ordinario del a\u00f1o en curso, tenemos un monto cercano a los 2 mil 200 millones de pesos para abatir el rezago en infraestructura educativa. Empezamos el a\u00f1o pasado ya y en las siguientes semanas vamos a entregar un n\u00famero aproximado de 120, 130 escuelas remodeladas y renovadas y este a\u00f1o habremos de arreglar por los menos mil 500 escuelas desde k\u00ednderes, primarias, secundarias, hasta escuelas de nivel medio superior y superior, para que en los siguientes dos a\u00f1os podamos abatir el rezago en esta materia en un 60 por ciento. Aqu\u00ed est\u00e1 la se\u00f1ora Secretaria de Educaci\u00f3n que ella puede precisar las cifras, pero el porcentaje de escuelas en mal estado rebasa el 85 por ciento, \u00bfc\u00f3mo es posible que dejamos que se deteriorara tanto nuestra infraestructura educativa? es una pena d\u00f3nde toman clase nuestras hijas, nuestros hijos y nuestros j\u00f3venes y es una pena los espacios donde las maestras y los maestros imparten sus clases y ense\u00f1an a nuestros ni\u00f1os.<\/p>\n<p>Por eso acepto esa preocupaci\u00f3n, hago m\u00eda esa preocupaci\u00f3n y mi reto es que en lo que resta del sexenio, debe quedar abatido al 100 por ciento el rezago en materia de infraestructura educativa; vamos a construir espacios dignos para que nuestras hijas e hijos puedan tomar sus clases y puedan prepararse. En Michoac\u00e1n, ni una escuela m\u00e1s de palitos, vamos a levantar la bandera blanca en los siguientes a\u00f1os, de que no tendremos escuelas de palitos.<\/p>\n<p>Y un hecho que si\u00a0 bien ha sido pol\u00e9mico, ha generado mucho debate, es que por primera vez en Michoac\u00e1n se hizo la evaluaci\u00f3n docente, ni es una actitud de presumir, ni ning\u00fan otro mensaje, simplemente destacar y reconocer adem\u00e1s la madurez de las maestras y los maestros, a\u00fan de aquellos que estando en contra de la Reforma Educativa, tuvieron la madurez para permitir que en Michoac\u00e1n se desarrollara la evaluaci\u00f3n docente, que es un paso fundamental para mejorar la calidad educativa de nuestros hijos. No podemos seguir en el pen\u00faltimo lugar de calidad de la educaci\u00f3n b\u00e1sica, no podemos seguir en el primer lugar de reprobados en secundaria o primer lugar de deserci\u00f3n escolar, porque eso lastima a Michoac\u00e1n y nos condena al rezago y al subdesarrollo.<\/p>\n<p>Y el otro tema, no me extiendo m\u00e1s porque son muchos, el otro tema es el tema de la seguridad p\u00fablica; yo me compromet\u00ed a garantizar la seguridad de los michoacanos y las michoacanas y ah\u00ed nos estamos jugando el todo por el todo, de manera muy coordinada con el Gobierno Federal como lo estamos haciendo en el resto de los rubros, porque debo decirlo, si no fuera por el respaldo que he tenido del se\u00f1or Presidente de la Rep\u00fablica y de los funcionarios del Gobierno Federal, tampoco hubiera yo podido librar la debilidad financiera de fin de a\u00f1o, la libramos porque cont\u00e9 con el apoyo del Gobierno de la Rep\u00fablica y en materia de seguridad he tenido el apoyo de manera permanente como lo hemos hecho municipal y regionalmente, porque coordinados con el Grupo de Coordinaci\u00f3n para la Seguridad, donde est\u00e1n integrados las dependencias de seguridad federal, el Ej\u00e9rcito, la Marina, la Polic\u00eda Federal, la PGR, el CISEN y las instituciones locales, hemos conformado un equipo que nos ha permitido dar resultados muy satisfactorios.<\/p>\n<p>Ten\u00eda una tabla \u2013espero no haberla perdido-, con datos que quer\u00eda compartirles en donde por primera vez en muchos a\u00f1os, -no la voy\u00a0 traer, se las debo-, por primera vez en muchos a\u00f1os, Michoac\u00e1n ya no aparece en los primeros lugares de los \u00edndices delincuenciales. Por ejemplo, en homicidio doloso ya no estamos en los primeros lugares lo encabezan otros estados; en secuestro ya no estamos, en extorsi\u00f3n ya nos estamos, en robo de veh\u00edculo, ya no estamos; y no son cifras que yo me invent\u00e9, son cifras del Sistema Nacional de Seguridad P\u00fablica, que esta tabla \u2013si traigo una-, y vaya que para lograr esto si se requiere ocuparse en el tema, estamos en el lugar n\u00famero 19 de la incidencia de delitos \u00bfqu\u00e9 significa? que estamos ya abajo de la media nacional, que en pocos meses logremos transformar estas cifras en cifras positivas, no es un asunto menor y es gracias al esfuerzo de todas y de todos.<\/p>\n<p>Sin cantar victoria, sin campanas al vuelo, porque este problema es un problema del d\u00eda a d\u00eda, por eso a penas en 90 d\u00edas sesionamos 20 veces con el Grupo de Coordinaci\u00f3n para la Seguridad, de manera itinerante en los diversos rumbos del estado, empezando por una m\u00e1s de las regiones m\u00e1s movidas del estado, como es Buenavista Tomatl\u00e1n, La Ruana, nos fuimos a sesionar a la plaza principal de La Ruana, porque esto le manda un mensaje de confianza y de certeza a las michoacanas, los michoacanos.<\/p>\n<p>En 40 d\u00edas firmamos junto con los presidentes municipales el Mando \u00danico, para mandar un mensaje de coordinaci\u00f3n estrecha, cercana y de compromiso con la seguridad de las ciudadanos y ciudadanos, y otras acciones m\u00e1s.<\/p>\n<p>Cito el ejemplo, que hemos iniciado el proceso para que en Michoac\u00e1n solo haya una polic\u00eda del estado, la Polic\u00eda Michoac\u00e1n, para ello, es necesario terminar con presencia de grupos armados que asumen que est\u00e1n protegiendo o garantizando la seguridad de las ciudadanos y los ciudadanos, eso debe de terminar muy pronto, hemos concluido ya la primera etapa, es decir, el 50 por ciento de los llamado autodefensas, han recibido su reconocimiento, un est\u00edmulo y el agradecimiento por los servicios brindados. Ayer lunes, debieron haber sido convocados el resto de los autodefensas para que en dos semanas m\u00e1s estemos cerrando ese cap\u00edtulo, en Michoac\u00e1n no puede haber ciudadanos armados al margen de la ley haciendo la tarea que s\u00f3lo le compete al Gobierno, la seguridad p\u00fablica es una responsabilidad del Gobierno, si hay una ciudadana o ciudadano que tiene vocaci\u00f3n, le interesa el tema, que lo haga\u00a0 trav\u00e9s de los mecanismos institucionales y que cumpla con las reglas correspondientes, eso no est\u00e1 peleado; pero que alguien se arme y nos diga que nos va proteger porque as\u00ed lo decidi\u00f3 o porque nosotros no estamos cumpliendo la tarea, no est\u00e1 permitido.<\/p>\n<p>Acepto y reconozco que en muchos rumbos del estado los ciudadanos tuvieron que tomar esa decisi\u00f3n ante la ausencia de gobierno para brindarles seguridad; es m\u00e1s, no solamente no estaba, sino que en muchas ocasiones el gobierno proteg\u00eda a los delincuentes y los delincuentes no se consolidan, no alcanzan este nivel de fuerza y de control, si no es que cuentan con la complicidad de autoridades, o de funcionarios o de gobiernos; por eso nunca m\u00e1s en nuestro estado gobiernos coludidos con el crimen organizado o con actividades delincuenciales, ah\u00ed cero tolerancia queridas amigas y amigos, cero tolerancia y yo me he puesto al frente del tema en todas las reuniones del Grupo de Coordinaci\u00f3n recorriendo el estado con todo lo que implica y lo voy a seguir haciendo porque Michoac\u00e1n necesita transitar hac\u00eda un presente donde se respete y se cumpla la ley y el pleno Estado de Derecho, eso es lo que necesitamos para que el estado crezca y alcancemos los niveles de desarrollo que queremos, una cosa va con la otra, sino tenemos seguridad p\u00fablica y seguridad jur\u00eddica, no vamos a tener condiciones adecuadas para el crecimiento y el desarrollo.<\/p>\n<p>Por eso mi compromiso es seguridad p\u00fablica plena y seguridad jur\u00eddica basada en tres cosas: el uso de la inteligencia, el uso de la tecnolog\u00eda y una polic\u00eda bien preparada, capacitada, formada para hacerle frente a la gran responsabilidad de cuidar a las michoacanas y a los michoacanos, y que eso est\u00e1 plasmado en la convocatoria que est\u00e1 abierta para integrar la nueva polic\u00eda que en los pr\u00f3ximos meses debe de quedar debidamente integrada y cuidada, formada, adiestrada, capaz de atender y cuidar a los ciudadanos y que nos sintamos seguros y no al rev\u00e9s, que nos d\u00e9 miedo cuando vemos a la polic\u00eda porque algo nos pueda suceder, que sea al rev\u00e9s, polic\u00eda que d\u00e9 certeza, que d\u00e9 confianza y que d\u00e9 protecci\u00f3n, entre otras cosas.<\/p>\n<p>Por cierto, ya termino porque ya me extend\u00ed demasiado, aqu\u00ed en Zamora retomo las preocupaciones que me han expresado los compa\u00f1eros tanto el Presidente Municipal de Zamora como el de Cojumatl\u00e1n y destaco que vamos a construir, eso iniciar\u00e1 pr\u00f3ximamente, uno de los Centros de Inteligencia para la Seguridad (C5) se va a construir en Zamora, presidente municipal para que vayas buscando el lugar adecuado, vamos a construir van a ser cinco, uno en Zamora. En Morelia vamos a construir el m\u00e1s moderno del pa\u00eds pero aqu\u00ed vamos a construir uno en Zamora para garantizar tambi\u00e9n adecuado cumplimiento de esta responsabilidad.<\/p>\n<p>Luego est\u00e1 en ruta el tema del aeropuerto presidente, lo anot\u00e9 en ese orden que t\u00fa lo comentaste, es importante que pensemos en un aeropuerto regional porque con las inversiones que se est\u00e1n haciendo del lado de La Piedad tambi\u00e9n nos est\u00e1n pidiendo un aeropuerto ya con otras especificaciones, entonces estamos trabajando para que el aeropuerto sea regional y que sirva para potenciar el desarrollo del Baj\u00edo y la parte del Valle de Zamora, entonces eso est\u00e1 contemplado presidente en los temas a resolver en los siguientes d\u00edas.<\/p>\n<p>Vamos a arreglar lo del campus de la Universidad que se ha quedado pendiente, que requiere la regi\u00f3n para atender la demanda de sus j\u00f3venes; vamos a apretar las tuercas para que ya se resuelva el tema de la carretera que conecta a Zamora con La Piedad; y hemos retomado el proyecto que se qued\u00f3 trunco de la carretera Uruapan-Zamora, porque si logramos que se concrete esta importante obra vamos a conectar, es un eje que conecta desde el puerto de L\u00e1zaro C\u00e1rdenas con la autopista de occidente que cruza el pa\u00eds M\u00e9xico-Guadalajara y que se convierte en un eje de transporte fundamental para el desarrollo.<\/p>\n<p>Tambi\u00e9n vamos a trabajar con los proyectos de desarrollo metropolitano que tiene recursos, por cierto, para el desarrollo de obras, estoy pensando en un corredor comercial tur\u00edstico desde Brise\u00f1as, Venustiano Carranza, Sahuayo, Jiquilpan, Villamar y Chavinda, otra vez Jacona\u2013Zamora, es decir, es un corredor muy importante que une toda esa zona metropolitana para el desarrollo de la regi\u00f3n.<\/p>\n<p>Y desde luego retomo los proyectos que ha platicado el compa\u00f1ero Enrique, sin duda que es un potencial que tenemos como muchas regiones del estado, pero vamos a acompa\u00f1ar el esfuerzo para que tenga mayor promoci\u00f3n y que pueda tener mayor n\u00famero de visitantes, sin que alteremos la zona donde llegan (los pel\u00edcanos borregones) y con esto nos permita seguir viniendo a visitarnos, es un proyecto ambicioso.<\/p>\n<p>Y por cierto, ah\u00ed nos ha ido bien en el tema del turismo porque est\u00e1 cambiando la percepci\u00f3n de la gente de lo que es Michoac\u00e1n y desde el Festival Internacional de Cine que fue al final de octubre, de octubre a noviembre, que se increment\u00f3 cerca de un 20 por ciento la presencia de visitantes, ya aument\u00f3 un 30 por ciento la afluencia de visitantes a la Noche de Muertos en otras cifras que son muy alentadoras para el turismo del estado, de nuestro estado y seguimos diciendo a quienes nos quieran visitar que nuestra responsabilidad es garantizarles su seguridad plena y para que nuestros amigos empresarios puedan invertir, puedan desarrollar sus actividades empresariales con plena certeza. Les pido, incluso, que cualquier cosa, cualquier amenaza, cualquier llamado, extorsi\u00f3n con toda la seguridad me lo pueden proporcionar y aclaremos de inmediato, para que ustedes se sientan seguros de que ponen su seguridad en manos seguras, ese es el reto para el que estamos trabajando.<\/p>\n<p>Termino solo dici\u00e9ndoles que con el presupuesto de este a\u00f1o a Michoac\u00e1n le va a ir bien, nos va a ir bien porque tenemos muchas obras en puerta, obras de gran relevancia en materia de salud, en materia educativa, en obras en vialidades, en comunicaciones y en un marco complejo de la econom\u00eda nacional por la ca\u00edda de los precios del petr\u00f3leo para Michoac\u00e1n tenemos expectativas positivas que nos ayuden a generar desarrollo econ\u00f3mico y a generar empleo, solo con las puras escuelas estar\u00edamos generando cerca de 20 mil empleos para este a\u00f1o por la construcci\u00f3n de las mil 500 escuelas que queremos remodelar en este ejercicio.<\/p>\n<p>Les agradezco mucho por su presencia, felicidades a las compa\u00f1eras, compa\u00f1eros que trabajaron para el desarrollo del Foro, el apoyo y la atenci\u00f3n que nos ha dado el se\u00f1or Presidente Municipal de aqu\u00ed de Zamora, que pidi\u00f3 ir a ver los\u00a0borregones, muchas gracias a ti y a su equipo, a los funcionarios del gobierno municipal, regidoras, regidores.<\/p>\n<p>Y a todos por su presencia, muchas gracias, \u00e9chenle ganas, ay\u00fadenme, este asunto lo vamos a planear bien y las cosas que hoy nos parecen un poco\u00a0cuesta arriba,\u00a0en unos meses y unos a\u00f1os ni nos vamos a acordar porque Michoac\u00e1n va a ser otro, eso se los garantizo.<\/p>\n<p>Muchas gracias por su\u00a0 presencia a este importante Foro, felicidades.<\/p>\n","protected":false},"excerpt":{"rendered":"<p>Muchas gracias se\u00f1or Presidente Municipal de Zamora muchas gracias por sus palabras, por recibirnos en este municipio el municipio de Zamora, gracias a los asistentes mujeres, hombres,<\/p>\n","protected":false},"author":1,"featured_media":20872,"comment_status":"open","ping_status":"open","sticky":false,"template":"","format":"standard","meta":{"footnotes":""},"categories":[14,3],"tags":[],"class_list":["post-20871","post","type-post","status-publish","format-standard","has-post-thumbnail","hentry","category-destacadas","category-gobierno-del-estado-de-michoacan"],"_links":{"self":[{"href":"https:\/\/radiowebmx.com\/nota\/wp-json\/wp\/v2\/posts\/20871","targetHints":{"allow":["GET"]}}],"collection":[{"href":"https:\/\/radiowebmx.com\/nota\/wp-json\/wp\/v2\/posts"}],"about":[{"href":"https:\/\/radiowebmx.com\/nota\/wp-json\/wp\/v2\/types\/post"}],"author":[{"embeddable":true,"href":"https:\/\/radiowebmx.com\/nota\/wp-json\/wp\/v2\/users\/1"}],"replies":[{"embeddable":true,"href":"https:\/\/radiowebmx.com\/nota\/wp-json\/wp\/v2\/comments?post=20871"}],"version-history":[{"count":1,"href":"https:\/\/radiowebmx.com\/nota\/wp-json\/wp\/v2\/posts\/20871\/revisions"}],"predecessor-version":[{"id":20873,"href":"https:\/\/radiowebmx.com\/nota\/wp-json\/wp\/v2\/posts\/20871\/revisions\/20873"}],"wp:featuredmedia":[{"embeddable":true,"href":"https:\/\/radiowebmx.com\/nota\/wp-json\/wp\/v2\/media\/20872"}],"wp:attachment":[{"href":"https:\/\/radiowebmx.com\/nota\/wp-json\/wp\/v2\/media?parent=20871"}],"wp:term":[{"taxonomy":"category","embeddable":true,"href":"https:\/\/radiowebmx.com\/nota\/wp-json\/wp\/v2\/categories?post=20871"},{"taxonomy":"post_tag","embeddable":true,"href":"https:\/\/radiowebmx.com\/nota\/wp-json\/wp\/v2\/tags?post=20871"}],"curies":[{"name":"wp","href":"https:\/\/api.w.org\/{rel}","templated":true}]}}