{"id":20868,"date":"2016-01-13T11:57:12","date_gmt":"2016-01-13T17:57:12","guid":{"rendered":"https:\/\/radiowebmx.com\/nota\/?p=20868"},"modified":"2016-01-13T11:57:12","modified_gmt":"2016-01-13T17:57:12","slug":"hay-expectativas-positivas-de-crecimiento-para-michoacan-silvano-aureoles","status":"publish","type":"post","link":"https:\/\/radiowebmx.com\/nota\/hay-expectativas-positivas-de-crecimiento-para-michoacan-silvano-aureoles\/","title":{"rendered":"Hay expectativas positivas de crecimiento para Michoac\u00e1n: Silvano Aureoles"},"content":{"rendered":"<p><a href=\"https:\/\/radiowebmx.com\/nota\/wp-content\/uploads\/2016\/01\/c9d271e2-0a27-4dd3-8bbb-b53e3328324d.jpg\"><img loading=\"lazy\" decoding=\"async\" class=\"alignleft size-full wp-image-20869\" src=\"https:\/\/radiowebmx.com\/nota\/wp-content\/uploads\/2016\/01\/c9d271e2-0a27-4dd3-8bbb-b53e3328324d.jpg\" alt=\"c9d271e2-0a27-4dd3-8bbb-b53e3328324d\" width=\"591\" height=\"267\" srcset=\"https:\/\/radiowebmx.com\/nota\/wp-content\/uploads\/2016\/01\/c9d271e2-0a27-4dd3-8bbb-b53e3328324d.jpg 591w, https:\/\/radiowebmx.com\/nota\/wp-content\/uploads\/2016\/01\/c9d271e2-0a27-4dd3-8bbb-b53e3328324d-300x136.jpg 300w\" sizes=\"auto, (max-width: 591px) 100vw, 591px\" \/><\/a>El Gobernador del Estado, Silvano Aureoles Conejo, asegur\u00f3 que en el presente a\u00f1o Michoac\u00e1n tiene expectativas positivas que ayudar\u00e1n a generar desarrollo econ\u00f3mico y empleo, tras se\u00f1alar que se tienen previstas diversas obras de gran relevancia en materia de salud, vialidades y educaci\u00f3n; en este \u00faltimo rubro dijo que se estar\u00e1n generando cerca de 20 mil fuentes de trabajo.<\/p>\n<p>En el marco del octavo Foro de Consulta Ciudadana para la conformaci\u00f3n del Plan de Desarrollo Integral del Estado 2015-2021 correspondiente a la regi\u00f3n Lerma-Chapala, el mandatario reconoci\u00f3 la asistencia de los sectores econ\u00f3mico, acad\u00e9mico, empresarial y de la sociedad civil, as\u00ed como de las y los representantes de los tres \u00f3rdenes de gobierno.<\/p>\n<p>Ah\u00ed destac\u00f3 la importancia que tiene la consulta al precisar que m\u00e1s all\u00e1 del mandato legal, es una necesidad imperiosa recoger las distintas opiniones en torno a lo que debe ser el documento rector de la pol\u00edtica p\u00fablica y del desarrollo durante su gesti\u00f3n.<\/p>\n<p>\u201cEl concepto central de la planeaci\u00f3n es que todo aquello que no se mide, no se puede evaluar, y entonces necesitamos tener los instrumentos, las herramientas y desde luego los insumos para que podamos peri\u00f3dicamente revisar c\u00f3mo vamos y poder hacer la evaluaci\u00f3n correspondiente, porque eso nos va a permitir trazar la ruta correcta para el desarrollo\u201d.<\/p>\n<p>Aureoles Conejo subray\u00f3 que derivado de las caracter\u00edsticas especiales y el potencial que tiene cada una de la diez regiones del estado, los foros las estar\u00e1n cubriendo en su totalidad; en el caso de la denominada Lerma-Chapala, cuenta con una gran riqueza y su crecimiento en mucho se debe a la tenacidad, visi\u00f3n y compromiso de los productores y empresarios del agro.<\/p>\n<p>\u201cPor eso la importancia de recoger en el marco de este foro sus propuestas, y que nos permitan juntos construir el horizonte del estado que queremos\u201d.<br \/>\nEl mandatario reiter\u00f3 que existen tres grandes ejes en su administraci\u00f3n, como es resolver el tema econ\u00f3mico-financiero, la seguridad p\u00fablica y la educaci\u00f3n; respecto al primer rubro afirm\u00f3 que se logr\u00f3 cerrar bien el 2015, incluso logr\u00f3 gestionar 500 millones de pesos para apoyar a los municipios michoacanos.<\/p>\n<p>\u201cSi la ruta que he trazado se cumple, en dos a\u00f1os sin necesidades adicionales, queda resuelto el problema del d\u00e9ficit financiero\u201d, dijo.<\/p>\n<p>En materia educativa, asegur\u00f3 que se ha avanzado, y en ese sentido record\u00f3 que se destinar\u00e1n un monto cercano a los 2 mil 200 millones de pesos para abatir el rezago de infraestructura, con lo que se prev\u00e9 con la remodelaci\u00f3n de mil 500 escuelas, generar alrededor de 20 mil empleos tan s\u00f3lo en el presente a\u00f1o; su reto dijo, es que al t\u00e9rmino de su Gobierno se logre abatir el 100 por ciento el rezago en este rubro y que se cuente con espacios dignos para que las ni\u00f1as, ni\u00f1os y j\u00f3venes estudien.<\/p>\n<p>El cuanto a seguridad p\u00fablica, destac\u00f3 el respaldo que ha tenido por parte del Gobierno de la Rep\u00fablica, y a trav\u00e9s del Grupo de Coordinaci\u00f3n para la Seguridad en Michoac\u00e1n, se ha conformado un equipo que ha permitido dar resultados muy satisfactorios, donde por primera vez en muchos a\u00f1os nuestra entidad ya no aparece en los primeros lugares en incidencia delictiva.<\/p>\n<p>\u201cPor eso mi compromiso es seguridad p\u00fablica plena y seguridad jur\u00eddica, basada en tres cosas: el uso de la inteligencia, el uso de la tecnolog\u00eda y una polic\u00eda bien preparada, capacitada, formada para hacerle frente a la gran responsabilidad de cuidar a las y los michoacanos\u201d.<\/p>\n<p>Aureoles Conejo, refiri\u00f3 que para esta regi\u00f3n del estado se tiene previsto arrancar una serie de acciones, entre ellas la construcci\u00f3n de un C5 en Zamora, impulsar el campus de la Universidad Michoacana de San Nicol\u00e1s de Hidalgo, tambi\u00e9n diversos proyectos de desarrollo metropolitano y carreteros, adem\u00e1s la posibilidad de un aeropuerto regional que sirva para potencializar el Baj\u00edo y el Valle de Zamora, as\u00ed como un corredor comercial tur\u00edstico que abarque varios municipios.<\/p>\n<p>\u201c\u00c9chenle ganas, ay\u00fadenme, este asunto lo vamos arreglar bien y las cosas que hoy nos parecen un poco cuesta arriba, en unos meses y en unos a\u00f1os ni nos vamos acordar porque Michoac\u00e1n va a ser otro, eso se los garantizo\u201d, extern\u00f3 el Gobernador.<\/p>\n<p>En su turno, el presidente municipal de Zamora, Jos\u00e9 Carlos Lugo God\u00ednez, indic\u00f3 que el foro es un ejercicio participativo que refleja la vocaci\u00f3n democr\u00e1tica e incluyente de los gobiernos. Recalc\u00f3 el potencial productivo de la regi\u00f3n, al se\u00f1alar que tan s\u00f3lo en el Valle de Zamora se siembran 12 mil hect\u00e1reas de frutillas, y sumadas a Los Reyes y parte de la Ci\u00e9nega, suman 26 mil hect\u00e1reas, lo que los posiciona como uno de los referentes m\u00e1s importantes del pa\u00eds.<\/p>\n<p>El alcalde realiz\u00f3 diversas peticiones tales como mejores v\u00edas de comunicaci\u00f3n, la construcci\u00f3n de un aeropuerto internacional en dicha ciudad, un relleno sanitario intermunicipal, entre otras. Al tiempo que destac\u00f3 las diversas gestiones que el Gobernador Silvano Aureoles ha hecho para apoyar a los ayuntamientos.<\/p>\n<p>En tanto, Enrique M\u00fagica S\u00e1nchez, presidente municipal de Cojumatl\u00e1n de R\u00e9gules, solicit\u00f3 el apoyo para fortalecer el potencial tur\u00edstico de la comunidad de Petat\u00e1n en donde a\u00f1o con a\u00f1o llegan los pel\u00edcanos borregones.<\/p>\n<p>Durante el evento, se cont\u00f3 con la presencia del secretario de Gobierno, Adri\u00e1n L\u00f3pez Sol\u00eds; del coordinador general de Gabinete y Planeaci\u00f3n, V\u00edctor Lichtinger Waisman; el secretario de Seguridad P\u00fablica, Antonio Bernal Bustamante; la secretaria de Educaci\u00f3n, Silvia Figueroa Zamudio; el secretario de Desarrollo Rural y Agroalimentario, Israel Tentory Garc\u00eda; Florentino Coalla Pulido, delegado de la Secretar\u00eda de Gobernaci\u00f3n; Jaime Rodr\u00edguez L\u00f3pez, delegado de la Sagarpa en Michoac\u00e1n; el titular del Centro Estatal para el Desarrollo Municipal, Carlos Paredes Correa, funcionarios y funcionarias de los tres niveles de gobierno, por mencionar algunos.<\/p>\n","protected":false},"excerpt":{"rendered":"<p>El Gobernador del Estado, Silvano Aureoles Conejo, asegur\u00f3 que en el presente a\u00f1o Michoac\u00e1n tiene expectativas positivas que ayudar\u00e1n a generar desarrollo econ\u00f3mico y empleo,<\/p>\n","protected":false},"author":1,"featured_media":20869,"comment_status":"open","ping_status":"open","sticky":false,"template":"","format":"standard","meta":{"footnotes":""},"categories":[14,3],"tags":[],"class_list":["post-20868","post","type-post","status-publish","format-standard","has-post-thumbnail","hentry","category-destacadas","category-gobierno-del-estado-de-michoacan"],"_links":{"self":[{"href":"https:\/\/radiowebmx.com\/nota\/wp-json\/wp\/v2\/posts\/20868","targetHints":{"allow":["GET"]}}],"collection":[{"href":"https:\/\/radiowebmx.com\/nota\/wp-json\/wp\/v2\/posts"}],"about":[{"href":"https:\/\/radiowebmx.com\/nota\/wp-json\/wp\/v2\/types\/post"}],"author":[{"embeddable":true,"href":"https:\/\/radiowebmx.com\/nota\/wp-json\/wp\/v2\/users\/1"}],"replies":[{"embeddable":true,"href":"https:\/\/radiowebmx.com\/nota\/wp-json\/wp\/v2\/comments?post=20868"}],"version-history":[{"count":1,"href":"https:\/\/radiowebmx.com\/nota\/wp-json\/wp\/v2\/posts\/20868\/revisions"}],"predecessor-version":[{"id":20870,"href":"https:\/\/radiowebmx.com\/nota\/wp-json\/wp\/v2\/posts\/20868\/revisions\/20870"}],"wp:featuredmedia":[{"embeddable":true,"href":"https:\/\/radiowebmx.com\/nota\/wp-json\/wp\/v2\/media\/20869"}],"wp:attachment":[{"href":"https:\/\/radiowebmx.com\/nota\/wp-json\/wp\/v2\/media?parent=20868"}],"wp:term":[{"taxonomy":"category","embeddable":true,"href":"https:\/\/radiowebmx.com\/nota\/wp-json\/wp\/v2\/categories?post=20868"},{"taxonomy":"post_tag","embeddable":true,"href":"https:\/\/radiowebmx.com\/nota\/wp-json\/wp\/v2\/tags?post=20868"}],"curies":[{"name":"wp","href":"https:\/\/api.w.org\/{rel}","templated":true}]}}