{"id":20865,"date":"2016-01-13T11:53:30","date_gmt":"2016-01-13T17:53:30","guid":{"rendered":"https:\/\/radiowebmx.com\/nota\/?p=20865"},"modified":"2016-01-13T11:53:30","modified_gmt":"2016-01-13T17:53:30","slug":"gobierno-municipal-integra-comitiva-para-revisar-recorrido-del-papa-en-morelia","status":"publish","type":"post","link":"https:\/\/radiowebmx.com\/nota\/gobierno-municipal-integra-comitiva-para-revisar-recorrido-del-papa-en-morelia\/","title":{"rendered":"Gobierno Municipal integra comitiva para revisar recorrido del Papa en Morelia"},"content":{"rendered":"<p><a href=\"https:\/\/radiowebmx.com\/nota\/wp-content\/uploads\/2016\/01\/fe0e8ca1-603e-4620-b851-b3a6ccca81e5.jpg\"><img loading=\"lazy\" decoding=\"async\" class=\"alignleft size-full wp-image-20866\" src=\"https:\/\/radiowebmx.com\/nota\/wp-content\/uploads\/2016\/01\/fe0e8ca1-603e-4620-b851-b3a6ccca81e5.jpg\" alt=\"fe0e8ca1-603e-4620-b851-b3a6ccca81e5\" width=\"591\" height=\"250\" srcset=\"https:\/\/radiowebmx.com\/nota\/wp-content\/uploads\/2016\/01\/fe0e8ca1-603e-4620-b851-b3a6ccca81e5.jpg 591w, https:\/\/radiowebmx.com\/nota\/wp-content\/uploads\/2016\/01\/fe0e8ca1-603e-4620-b851-b3a6ccca81e5-300x127.jpg 300w\" sizes=\"auto, (max-width: 591px) 100vw, 591px\" \/><\/a>El Ayuntamiento de Morelia en coordinaci\u00f3n con el Estado Mayor Presidencial, la Guardia Suiza y Gobierno del Estado, supervisaron el recorrido que el pr\u00f3ximo 16 de febrero realizar\u00e1 el Papa Francisco, durante su visita a la Ciudad de la Cantera Rosa como parte de su gira a varios estados de la Rep\u00fablica Mexicana.<\/p>\n<p>En esta ocasi\u00f3n, el encargado de representar al Presidente Municipal, Alfonso Mart\u00ednez Alc\u00e1zar, fue el s\u00edndico Fabio Sistos Rangel, quien estuvo atento a cada uno de los detalles del recorrido papal, esto con la finalidad de garantizar la seguridad de la m\u00e1xima autoridad de la Iglesia Cat\u00f3lica y de cada uno de los asistentes a los eventos que se tienen programados en la capital del estado.<\/p>\n<p>El s\u00edndico Municipal, Fabio Sistos, recibi\u00f3 a la comitiva en el aeropuerto de la ciudad de Morelia, a quienes dio la bienvenida, adem\u00e1s de refrendar el apoyo necesario de parte de la Administraci\u00f3n municipal para el desarrollo de este evento.<\/p>\n<p>Es de precisar que la comitiva reviso a detalle cada uno de los puntos que visitar\u00e1 por primera ocasi\u00f3n el papa Francisco I, comenzando desde el estado Venustiano Carranza en donde sostendr\u00e1 una reuni\u00f3n con grupos religiosos; posteriormente, se trasladaron por la Avenida Madero rumbo a la Catedral, lugar en donde emitir\u00e1 un mensaje dirigido a los ni\u00f1os presentes y el Alcalde, Alfonso Mart\u00ednez Alc\u00e1zar entregar\u00e1\u00a0 las llaves de la ciudad, para finalmente trasladarse al Estadio Morelos en donde tendr\u00e1 un encuentro con j\u00f3venes de Morelia y varios puntos del pa\u00eds.<\/p>\n<p>El S\u00edndico, Fabio Sistos Rangel, reiter\u00f3 a las autoridades presentes que cuentan con el apoyo de la Administraci\u00f3n municipal para la realizaci\u00f3n de este evento, por lo que contar\u00e1n con todas las facilidades para llevar a buen t\u00e9rmino la realizaci\u00f3n de la visita papal.<\/p>\n","protected":false},"excerpt":{"rendered":"<p>El Ayuntamiento de Morelia en coordinaci\u00f3n con el Estado Mayor Presidencial, la Guardia Suiza y Gobierno del Estado, supervisaron el recorrido que el pr\u00f3ximo 16 de febrero realizar\u00e1 el Papa Francisco, <\/p>\n","protected":false},"author":1,"featured_media":20866,"comment_status":"open","ping_status":"open","sticky":false,"template":"","format":"standard","meta":{"footnotes":""},"categories":[14,9],"tags":[],"class_list":["post-20865","post","type-post","status-publish","format-standard","has-post-thumbnail","hentry","category-destacadas","category-morelia"],"_links":{"self":[{"href":"https:\/\/radiowebmx.com\/nota\/wp-json\/wp\/v2\/posts\/20865","targetHints":{"allow":["GET"]}}],"collection":[{"href":"https:\/\/radiowebmx.com\/nota\/wp-json\/wp\/v2\/posts"}],"about":[{"href":"https:\/\/radiowebmx.com\/nota\/wp-json\/wp\/v2\/types\/post"}],"author":[{"embeddable":true,"href":"https:\/\/radiowebmx.com\/nota\/wp-json\/wp\/v2\/users\/1"}],"replies":[{"embeddable":true,"href":"https:\/\/radiowebmx.com\/nota\/wp-json\/wp\/v2\/comments?post=20865"}],"version-history":[{"count":1,"href":"https:\/\/radiowebmx.com\/nota\/wp-json\/wp\/v2\/posts\/20865\/revisions"}],"predecessor-version":[{"id":20867,"href":"https:\/\/radiowebmx.com\/nota\/wp-json\/wp\/v2\/posts\/20865\/revisions\/20867"}],"wp:featuredmedia":[{"embeddable":true,"href":"https:\/\/radiowebmx.com\/nota\/wp-json\/wp\/v2\/media\/20866"}],"wp:attachment":[{"href":"https:\/\/radiowebmx.com\/nota\/wp-json\/wp\/v2\/media?parent=20865"}],"wp:term":[{"taxonomy":"category","embeddable":true,"href":"https:\/\/radiowebmx.com\/nota\/wp-json\/wp\/v2\/categories?post=20865"},{"taxonomy":"post_tag","embeddable":true,"href":"https:\/\/radiowebmx.com\/nota\/wp-json\/wp\/v2\/tags?post=20865"}],"curies":[{"name":"wp","href":"https:\/\/api.w.org\/{rel}","templated":true}]}}