{"id":20828,"date":"2016-01-12T12:49:15","date_gmt":"2016-01-12T18:49:15","guid":{"rendered":"https:\/\/radiowebmx.com\/nota\/?p=20828"},"modified":"2016-01-12T12:49:15","modified_gmt":"2016-01-12T18:49:15","slug":"migrantes-michoacanos-con-prioridad-en-la-agenda-de-gobierno-de-silvano-aureoles","status":"publish","type":"post","link":"https:\/\/radiowebmx.com\/nota\/migrantes-michoacanos-con-prioridad-en-la-agenda-de-gobierno-de-silvano-aureoles\/","title":{"rendered":"Migrantes michoacanos, con prioridad en la agenda de Gobierno de Silvano Aureoles"},"content":{"rendered":"<p><a href=\"https:\/\/radiowebmx.com\/nota\/wp-content\/uploads\/2016\/01\/98e85156-af23-408f-9f17-fa1f7056ed06.jpg\"><img loading=\"lazy\" decoding=\"async\" class=\"alignleft size-full wp-image-20829\" src=\"https:\/\/radiowebmx.com\/nota\/wp-content\/uploads\/2016\/01\/98e85156-af23-408f-9f17-fa1f7056ed06.jpg\" alt=\"98e85156-af23-408f-9f17-fa1f7056ed06\" width=\"591\" height=\"352\" srcset=\"https:\/\/radiowebmx.com\/nota\/wp-content\/uploads\/2016\/01\/98e85156-af23-408f-9f17-fa1f7056ed06.jpg 591w, https:\/\/radiowebmx.com\/nota\/wp-content\/uploads\/2016\/01\/98e85156-af23-408f-9f17-fa1f7056ed06-300x179.jpg 300w\" sizes=\"auto, (max-width: 591px) 100vw, 591px\" \/><\/a>El titular de la Secretar\u00eda del Migrante (Semigrante), Jos\u00e9 Luis Guti\u00e9rrez P\u00e9rez, inform\u00f3 que a 100 d\u00edas del Gobierno que encabeza Silvano Aureoles Conejo, se han tenido logros importantes para integrar a los connacionales -con acciones puntuales- a la agenda del Ejecutivo estatal, parte de ello es la aprobaci\u00f3n de m\u00e1s de 4 mil proyectos de apoyo a los migrantes en retorno y a las familias que reciben remesas, a trav\u00e9s del Programa Fondo de Apoyo al Migrante (FAMI).<\/p>\n<p>Destac\u00f3 que de estos proyectos, mil 692 son productivos, lo que permitir\u00e1 generar alrededor de tres fuentes de empleo cada uno, creando m\u00e1s de 5 mil nuevas plazas de trabajo; as\u00ed mismo, son m\u00e1s de 2 mil 723 proyectos de mejoramiento a la vivienda que beneficiar\u00e1n a alrededor de 10 mil 892 personas, considerando que en Michoac\u00e1n se estima que las familias se integran por al menos cuatro integrantes por vivienda.<\/p>\n<p>En total el FAMI destin\u00f3 en 2015 para Michoac\u00e1n m\u00e1s de 47 millones de pesos, que permitir\u00e1n que connacionales repatriados emprendan alguna actividad productiva o mejoren su vivienda, reactivando con ello la econom\u00eda de sus regiones.<\/p>\n<p>El Secretario del Migrante resalt\u00f3 que este Gobierno de Michoac\u00e1n est\u00e1 haciendo historia al realizar por primera vez dos Foros de Consulta y Participaci\u00f3n Ciudadana en los Estados Unidos de Norteam\u00e9rica, que servir\u00e1n como base para la elaboraci\u00f3n del Plan de Desarrollo Integral del Estado 2015-2021, los cuales se llevar\u00e1n a cabo este pr\u00f3ximo 30 y 31 de enero en Chicago, Illinois y los \u00c1ngeles, California, respectivamente.<\/p>\n<p>\u201cPor primera vez un Gobernador piensa en los migrantes tomando en cuenta de primera mano sus necesidades y propuestas, porque para el mandatario Silvano Aureoles, la voz de los migrantes es importante en el Michoac\u00e1n que queremos\u201d, extern\u00f3.<\/p>\n<p>Finalmente, record\u00f3 que el pasado 11 de diciembre cumpliendo con la instrucci\u00f3n expresa del Gobernador de unir esfuerzos por la transformaci\u00f3n de Michoac\u00e1n, se present\u00f3 el Grupo Interinstitucional de Atenci\u00f3n a Migrantes Michoacanos Repatriados, que tiene como finalidad brindar una atenci\u00f3n integral y establecer planes y proyectos conjuntos que apoyen a este importante sector de la poblaci\u00f3n en la entidad, acordando entre otras cosas, la instalaci\u00f3n de un proyecto piloto en Chuc\u00e1ndiro a partir de este a\u00f1o, basado en cuatro ejes: salud, trabajo, educaci\u00f3n y migraci\u00f3n.<\/p>\n","protected":false},"excerpt":{"rendered":"<p>El titular de la Semigrante, Jos\u00e9 Luis Guti\u00e9rrez P\u00e9rez, inform\u00f3 que a 100 d\u00edas del Gobierno que encabeza Silvano Aureoles Conejo, <\/p>\n","protected":false},"author":1,"featured_media":20829,"comment_status":"open","ping_status":"open","sticky":false,"template":"","format":"standard","meta":{"footnotes":""},"categories":[14,3],"tags":[],"class_list":["post-20828","post","type-post","status-publish","format-standard","has-post-thumbnail","hentry","category-destacadas","category-gobierno-del-estado-de-michoacan"],"_links":{"self":[{"href":"https:\/\/radiowebmx.com\/nota\/wp-json\/wp\/v2\/posts\/20828","targetHints":{"allow":["GET"]}}],"collection":[{"href":"https:\/\/radiowebmx.com\/nota\/wp-json\/wp\/v2\/posts"}],"about":[{"href":"https:\/\/radiowebmx.com\/nota\/wp-json\/wp\/v2\/types\/post"}],"author":[{"embeddable":true,"href":"https:\/\/radiowebmx.com\/nota\/wp-json\/wp\/v2\/users\/1"}],"replies":[{"embeddable":true,"href":"https:\/\/radiowebmx.com\/nota\/wp-json\/wp\/v2\/comments?post=20828"}],"version-history":[{"count":1,"href":"https:\/\/radiowebmx.com\/nota\/wp-json\/wp\/v2\/posts\/20828\/revisions"}],"predecessor-version":[{"id":20830,"href":"https:\/\/radiowebmx.com\/nota\/wp-json\/wp\/v2\/posts\/20828\/revisions\/20830"}],"wp:featuredmedia":[{"embeddable":true,"href":"https:\/\/radiowebmx.com\/nota\/wp-json\/wp\/v2\/media\/20829"}],"wp:attachment":[{"href":"https:\/\/radiowebmx.com\/nota\/wp-json\/wp\/v2\/media?parent=20828"}],"wp:term":[{"taxonomy":"category","embeddable":true,"href":"https:\/\/radiowebmx.com\/nota\/wp-json\/wp\/v2\/categories?post=20828"},{"taxonomy":"post_tag","embeddable":true,"href":"https:\/\/radiowebmx.com\/nota\/wp-json\/wp\/v2\/tags?post=20828"}],"curies":[{"name":"wp","href":"https:\/\/api.w.org\/{rel}","templated":true}]}}