{"id":20825,"date":"2016-01-12T12:43:47","date_gmt":"2016-01-12T18:43:47","guid":{"rendered":"https:\/\/radiowebmx.com\/nota\/?p=20825"},"modified":"2016-01-12T12:43:47","modified_gmt":"2016-01-12T18:43:47","slug":"el-gobierno-de-silvano-aureoles-trabaja-por-el-fortalecimiento-de-los-pueblos-originarios-de-michoacan-spi","status":"publish","type":"post","link":"https:\/\/radiowebmx.com\/nota\/el-gobierno-de-silvano-aureoles-trabaja-por-el-fortalecimiento-de-los-pueblos-originarios-de-michoacan-spi\/","title":{"rendered":"El Gobierno de Silvano Aureoles trabaja por el fortalecimiento de los pueblos originarios de Michoac\u00e1n: SPI"},"content":{"rendered":"<p><a href=\"https:\/\/radiowebmx.com\/nota\/wp-content\/uploads\/2016\/01\/a8e3883c-783a-4187-92dd-88c232971b45.jpg\"><img loading=\"lazy\" decoding=\"async\" class=\"alignleft size-full wp-image-20826\" src=\"https:\/\/radiowebmx.com\/nota\/wp-content\/uploads\/2016\/01\/a8e3883c-783a-4187-92dd-88c232971b45.jpg\" alt=\"a8e3883c-783a-4187-92dd-88c232971b45\" width=\"591\" height=\"352\" srcset=\"https:\/\/radiowebmx.com\/nota\/wp-content\/uploads\/2016\/01\/a8e3883c-783a-4187-92dd-88c232971b45.jpg 591w, https:\/\/radiowebmx.com\/nota\/wp-content\/uploads\/2016\/01\/a8e3883c-783a-4187-92dd-88c232971b45-300x179.jpg 300w\" sizes=\"auto, (max-width: 591px) 100vw, 591px\" \/><\/a>Con la participaci\u00f3n de las comunidades ind\u00edgenas\u00a0en los proyectos de planeaci\u00f3n y operaci\u00f3n de los diversos programas, el fortalecimiento de su libre determinaci\u00f3n y autonom\u00eda, as\u00ed como el reconocimiento y preservaci\u00f3n de sus derechos, en este primer trimestre del Gobierno que encabeza el mandatario Silvano Aureoles Conejo, la Secretar\u00eda de los Pueblos Ind\u00edgenas, reforz\u00f3 las acciones a favor de los pueblos originarios de Michoac\u00e1n; asegur\u00f3 el titular de la dependencia, \u00c1ngel Alonso Molina.<\/p>\n<p>Destac\u00f3 que dentro de los primeros 100 d\u00edas de Gobierno, se establecieron los lineamientos de los\u00a0 programas que la dependencia arrancar\u00e1 en los pr\u00f3ximos d\u00edas en materia de salud, vivienda, infraestructura b\u00e1sica, de los cuales no hay antecedente en la SPI y que se realizar\u00e1n de manera coordinada con dependencias de los tres niveles de gobierno, en beneficio de las comunidades H\u00f1ah\u00f1\u00fa u Otom\u00ed, Pur\u00e9pecha, J\u00f1atjo o Mazahua, Nahua, Matlatzinca o Pirinda, que existen en la entidad.<\/p>\n<p>El titular de la SPI agreg\u00f3 que se logr\u00f3 signar un convenio con el Instituto Electoral de Michoac\u00e1n (IEM), con la finalidad de trabajar de manera coordinada en la recopilaci\u00f3n de informaci\u00f3n geogr\u00e1fica, social, econ\u00f3mica y pol\u00edtica, para la consulta a las comunidades ind\u00edgenas del estado.<\/p>\n<p>De la misma manera, la dependencia form\u00f3 parte de Caravanas de Servicios Integrales #CercadeTi, para atender a la poblaci\u00f3n vulnerable, y Tu Comunidad Est\u00e1 en Ti, en el cual participan 300 j\u00f3venes estudiantes de Licenciatura e Ingenier\u00eda en Desarrollo Comunitario, en el mejoramiento de m\u00e1s de 500 comunidades de las cuales la mayor\u00eda son ind\u00edgenas.<\/p>\n<p>Afirm\u00f3 que por instrucciones del Gobernador Silvano Aureoles, se implementar\u00e1n medidas de austeridad y disciplina en el gasto, para de esta manera, priorizar que el presupuesto de poco m\u00e1s de 103 millones de pesos para la SPI, se traduzca en beneficios directos a las 449 localidades ind\u00edgenas.<\/p>\n<p>Por \u00faltimo, \u00c1ngel Alonso mencion\u00f3 que las comunidades contar\u00e1n con mecanismos de asignaci\u00f3n concurrente de recursos para infraestructura b\u00e1sica, gracias a los cuales durante el presente a\u00f1o se realizar\u00e1n proyectos para ampliar la obra social y productiva en zonas ind\u00edgenas, principalmente\u00a0 en lo referente a construcci\u00f3n de escuelas p\u00fablicas, hospitales, centros de salud regionales, servicio de agua potable, electrificaci\u00f3n, caminos y vivienda.<\/p>\n","protected":false},"excerpt":{"rendered":"<p>Con la participaci\u00f3n de las comunidades ind\u00edgenas en los proyectos de planeaci\u00f3n y operaci\u00f3n de los diversos programas, el fortalecimiento de su libre determinaci\u00f3n y autonom\u00eda,<\/p>\n","protected":false},"author":1,"featured_media":20826,"comment_status":"open","ping_status":"open","sticky":false,"template":"","format":"standard","meta":{"footnotes":""},"categories":[14,3],"tags":[],"class_list":["post-20825","post","type-post","status-publish","format-standard","has-post-thumbnail","hentry","category-destacadas","category-gobierno-del-estado-de-michoacan"],"_links":{"self":[{"href":"https:\/\/radiowebmx.com\/nota\/wp-json\/wp\/v2\/posts\/20825","targetHints":{"allow":["GET"]}}],"collection":[{"href":"https:\/\/radiowebmx.com\/nota\/wp-json\/wp\/v2\/posts"}],"about":[{"href":"https:\/\/radiowebmx.com\/nota\/wp-json\/wp\/v2\/types\/post"}],"author":[{"embeddable":true,"href":"https:\/\/radiowebmx.com\/nota\/wp-json\/wp\/v2\/users\/1"}],"replies":[{"embeddable":true,"href":"https:\/\/radiowebmx.com\/nota\/wp-json\/wp\/v2\/comments?post=20825"}],"version-history":[{"count":1,"href":"https:\/\/radiowebmx.com\/nota\/wp-json\/wp\/v2\/posts\/20825\/revisions"}],"predecessor-version":[{"id":20827,"href":"https:\/\/radiowebmx.com\/nota\/wp-json\/wp\/v2\/posts\/20825\/revisions\/20827"}],"wp:featuredmedia":[{"embeddable":true,"href":"https:\/\/radiowebmx.com\/nota\/wp-json\/wp\/v2\/media\/20826"}],"wp:attachment":[{"href":"https:\/\/radiowebmx.com\/nota\/wp-json\/wp\/v2\/media?parent=20825"}],"wp:term":[{"taxonomy":"category","embeddable":true,"href":"https:\/\/radiowebmx.com\/nota\/wp-json\/wp\/v2\/categories?post=20825"},{"taxonomy":"post_tag","embeddable":true,"href":"https:\/\/radiowebmx.com\/nota\/wp-json\/wp\/v2\/tags?post=20825"}],"curies":[{"name":"wp","href":"https:\/\/api.w.org\/{rel}","templated":true}]}}