{"id":20810,"date":"2016-01-12T11:34:25","date_gmt":"2016-01-12T17:34:25","guid":{"rendered":"https:\/\/radiowebmx.com\/nota\/?p=20810"},"modified":"2016-01-12T11:34:25","modified_gmt":"2016-01-12T17:34:25","slug":"reforzar-la-cobertura-educativa-prioridad-en-la-administracion-de-silvano-aureoles-cobaem","status":"publish","type":"post","link":"https:\/\/radiowebmx.com\/nota\/reforzar-la-cobertura-educativa-prioridad-en-la-administracion-de-silvano-aureoles-cobaem\/","title":{"rendered":"Reforzar la cobertura educativa, prioridad en la administraci\u00f3n de Silvano Aureoles: Cobaem"},"content":{"rendered":"<p><a href=\"https:\/\/radiowebmx.com\/nota\/wp-content\/uploads\/2016\/01\/0dcf789d-eed1-4450-86a6-4b13bc0375c5.jpg\"><img loading=\"lazy\" decoding=\"async\" class=\"alignleft size-full wp-image-20811\" src=\"https:\/\/radiowebmx.com\/nota\/wp-content\/uploads\/2016\/01\/0dcf789d-eed1-4450-86a6-4b13bc0375c5.jpg\" alt=\"0dcf789d-eed1-4450-86a6-4b13bc0375c5\" width=\"591\" height=\"350\" srcset=\"https:\/\/radiowebmx.com\/nota\/wp-content\/uploads\/2016\/01\/0dcf789d-eed1-4450-86a6-4b13bc0375c5.jpg 591w, https:\/\/radiowebmx.com\/nota\/wp-content\/uploads\/2016\/01\/0dcf789d-eed1-4450-86a6-4b13bc0375c5-300x178.jpg 300w\" sizes=\"auto, (max-width: 591px) 100vw, 591px\" \/><\/a>Al fortalecer con acciones concretas al Colegio de Bachilleres del Estado de Michoac\u00e1n, se demuestra que la prioridad del Gobierno que encabeza Silvano Aureoles Conejo es atender a los j\u00f3venes michoacanos,\u00a0para fortalecer su formaci\u00f3n y brindar mejores ciudadanos a nuestro estado, reiter\u00f3\u00a0Alejandro Bustos Aguilar, director general del Cobaem.<\/p>\n<p>En los primeros 100 d\u00edas de la actual administraci\u00f3n, Bustos Aguilar destac\u00f3 que gracias a la gesti\u00f3n del mandatario michoacano se entregaron recursos adicionales por 48 millones de peos para el pago de varias prestaciones (Pago por Jubilaci\u00f3n, Pago por Retiro, Pago por Defunci\u00f3n, Seguro de Retiro, Est\u00edmulo por a\u00f1os de servicio, Est\u00edmulo al desempe\u00f1o) del personal administrativo, as\u00ed como el presupuesto autorizado para el pago de sueldos y prestaciones de fin de a\u00f1o.<\/p>\n<p>Tambi\u00e9n se realiz\u00f3 el Sorteo Cobaem 2015, logrando una captaci\u00f3n de ingresos por venta de boletos de 4.2 millones de pesos, y una utilidad de 3 millones de pesos, mismo que se destin\u00f3 a los 127 planteles del subsistema educativo para mejoras en infraestructura, mobiliario y equipo de c\u00f3mputo.<\/p>\n<p>De igual forma, se particip\u00f3 en diferentes cursos y talleres convocados por la Secretar\u00eda de Finanzas y Administraci\u00f3n, y la Auditoria Superior de Michoac\u00e1n;\u00a0tambi\u00e9n, la Delegaci\u00f3n Administrativa del Subsistema trav\u00e9s del Departamento de Tesorer\u00eda, imparti\u00f3 un taller para Directivos y Contralores de planteles que obtuvieron recursos de la Federaci\u00f3n del Proyecto para el Avance de la Autonom\u00eda de Gesti\u00f3n Escolar (PAAGES), para dar a conocer la normativa federal aplicable y manejar de manera correcta estos recursos.<\/p>\n<p>Adem\u00e1s, se llev\u00f3 a cabo el dise\u00f1o del Programa de Acompa\u00f1amiento y Refuerzo de Habilidades para la Evaluaci\u00f3n Docente y un Taller de Capacitaci\u00f3n, Retroalimentaci\u00f3n y Entrenamiento a jefes de materia, l\u00edderes y acad\u00e9micos de las 9 Coordinaciones Sectoriales y personal de la Direcci\u00f3n Acad\u00e9mica.<\/p>\n<p>Es importante destacar las reuniones que Alejandro Bustos, director general del Cobaem, mantuvo con el\u00a0Sindicato Independiente de Trabajadores del Colegio de Bachilleres del Estado de Michoac\u00e1n\u00a0(SITCBEM), para armonizar la implementaci\u00f3n de la evaluaci\u00f3n al desempe\u00f1o de los docentes de este subsistema,\u00a0logrando la estabilidad laboral del Colegio y evitando as\u00ed paro laborales, garantizando la continuidad del servicio en el estado.<\/p>\n<p>Para la Direcci\u00f3n General del Cobaem, es de suma importancia brindar mejores oportunidades a los j\u00f3venes a trav\u00e9s de una educaci\u00f3n con calidad que a su vez se vea\u00a0reflejada en su vida cotidiana, con el\u00a0objetivo de que tengan mejores oportunidades personal y profesionalmente.<\/p>\n","protected":false},"excerpt":{"rendered":"<p>Al fortalecer con acciones concretas al Colegio de Bachilleres del Estado de Michoac\u00e1n, se demuestra que la prioridad del Gobierno que encabeza Silvano Aureoles Conejo es atender a los j\u00f3venes michoacanos,<\/p>\n","protected":false},"author":1,"featured_media":20811,"comment_status":"open","ping_status":"open","sticky":false,"template":"","format":"standard","meta":{"footnotes":""},"categories":[14,3],"tags":[],"class_list":["post-20810","post","type-post","status-publish","format-standard","has-post-thumbnail","hentry","category-destacadas","category-gobierno-del-estado-de-michoacan"],"_links":{"self":[{"href":"https:\/\/radiowebmx.com\/nota\/wp-json\/wp\/v2\/posts\/20810","targetHints":{"allow":["GET"]}}],"collection":[{"href":"https:\/\/radiowebmx.com\/nota\/wp-json\/wp\/v2\/posts"}],"about":[{"href":"https:\/\/radiowebmx.com\/nota\/wp-json\/wp\/v2\/types\/post"}],"author":[{"embeddable":true,"href":"https:\/\/radiowebmx.com\/nota\/wp-json\/wp\/v2\/users\/1"}],"replies":[{"embeddable":true,"href":"https:\/\/radiowebmx.com\/nota\/wp-json\/wp\/v2\/comments?post=20810"}],"version-history":[{"count":1,"href":"https:\/\/radiowebmx.com\/nota\/wp-json\/wp\/v2\/posts\/20810\/revisions"}],"predecessor-version":[{"id":20812,"href":"https:\/\/radiowebmx.com\/nota\/wp-json\/wp\/v2\/posts\/20810\/revisions\/20812"}],"wp:featuredmedia":[{"embeddable":true,"href":"https:\/\/radiowebmx.com\/nota\/wp-json\/wp\/v2\/media\/20811"}],"wp:attachment":[{"href":"https:\/\/radiowebmx.com\/nota\/wp-json\/wp\/v2\/media?parent=20810"}],"wp:term":[{"taxonomy":"category","embeddable":true,"href":"https:\/\/radiowebmx.com\/nota\/wp-json\/wp\/v2\/categories?post=20810"},{"taxonomy":"post_tag","embeddable":true,"href":"https:\/\/radiowebmx.com\/nota\/wp-json\/wp\/v2\/tags?post=20810"}],"curies":[{"name":"wp","href":"https:\/\/api.w.org\/{rel}","templated":true}]}}