{"id":20803,"date":"2016-01-11T14:01:06","date_gmt":"2016-01-11T20:01:06","guid":{"rendered":"https:\/\/radiowebmx.com\/nota\/?p=20803"},"modified":"2016-01-11T14:01:55","modified_gmt":"2016-01-11T20:01:55","slug":"dif-michoacan-refrenda-su-compromiso-con-los-grupos-vulnerables","status":"publish","type":"post","link":"https:\/\/radiowebmx.com\/nota\/dif-michoacan-refrenda-su-compromiso-con-los-grupos-vulnerables\/","title":{"rendered":"DIF Michoac\u00e1n refrenda su compromiso con los grupos vulnerables"},"content":{"rendered":"<p><a href=\"https:\/\/radiowebmx.com\/nota\/wp-content\/uploads\/2016\/01\/b22d0c27-e61f-441e-894d-ba323b302363.jpg\"><img loading=\"lazy\" decoding=\"async\" class=\"alignleft size-full wp-image-20804\" src=\"https:\/\/radiowebmx.com\/nota\/wp-content\/uploads\/2016\/01\/b22d0c27-e61f-441e-894d-ba323b302363.jpg\" alt=\"b22d0c27-e61f-441e-894d-ba323b302363\" width=\"591\" height=\"317\" srcset=\"https:\/\/radiowebmx.com\/nota\/wp-content\/uploads\/2016\/01\/b22d0c27-e61f-441e-894d-ba323b302363.jpg 591w, https:\/\/radiowebmx.com\/nota\/wp-content\/uploads\/2016\/01\/b22d0c27-e61f-441e-894d-ba323b302363-300x161.jpg 300w\" sizes=\"auto, (max-width: 591px) 100vw, 591px\" \/><\/a>La directora general del Sistema para el Desarrollo Integral de la Familia (DIF) Michoac\u00e1n, Roc\u00edo Beamonte Romero, se\u00f1al\u00f3 que durante los 100 d\u00edas de la administraci\u00f3n del Gobernador del Estado, Silvano Aureoles Conejo, se han emprendido las acciones necesarias para sentar las bases de una pol\u00edtica orientada a atender a los sectores vulnerables de la entidad.<\/p>\n<p>Una de las acciones prioritarias fue la puesta en operaci\u00f3n del programa \u201cUn Comienzo DIFerente\u201d, el cual tiene como finalidad la atenci\u00f3n de mujeres con embarazos de alto riesgo que habitan en zonas vulnerables, a quienes se les entrega un kit de maternidad y una cuna con los aditamentos necesarios para darles a los peque\u00f1os un inicio igualitario en la vida.<\/p>\n<p>El paquete est\u00e1 compuesto por 42 art\u00edculos como: Un coj\u00edn para lactancia, mamelucos, una toalla de ba\u00f1o, un aspirador nasal, biberones, jabones neutros, pa\u00f1ales desechables, cremas, esponja de ba\u00f1o, term\u00f3metro, toallitas h\u00famedas, pa\u00f1alera, entre otros.<\/p>\n<p>El material con que se elabora la caja-cuna es ecol\u00f3gico, ya que se utilizan materiales reciclables, adem\u00e1s tiene un\u00a0 recubrimiento especial en caso de alg\u00fan siniestro o contingencia, y cuenta con tres certificados de calidad.<\/p>\n<p>Otro de los programas que se implement\u00f3 fue el de Transporte Intermunicipal para personas con Discapacidad, con el que se podr\u00e1 viajar a recibir terapias sin pagar ninguna cuota de recuperaci\u00f3n,\u00a0 ya que los gastos los absorber\u00e1 la administraci\u00f3n estatal.<\/p>\n<p>A trav\u00e9s de los veh\u00edculos habilitados para este prop\u00f3sito, se realizar\u00e1n ocho rutas intermunicipales que transportar\u00e1n a los personas con discapacidad a sus terapias a los diferentes Centros de Rehabilitaci\u00f3n que hay en la capital del estado.<\/p>\n<p>Dentro de las acciones emprendidas por el Sistema DIF Michoac\u00e1n, en conjunto con otras dependencias de la administraci\u00f3n estatal, se encuentran las Caravanas de Servicios Integrales #CercadeTi, las cuales \u00a0tienen el objetivo de acercar los programas a la poblaci\u00f3n, con la finalidad de que no tengan que desplazarse hasta la capital del estado y conozcan los servicios que brindan dependencias como el Sistema DIF Michoac\u00e1n y las Secretar\u00edas de Salud, Pol\u00edtica Social y de Igualdad Sustantiva y Desarrollo de las Mujeres Michoacanas, adem\u00e1s de la Direcci\u00f3n del Registro Civil, entre otras.<\/p>\n","protected":false},"excerpt":{"rendered":"<p>La directora general del Sistema para el DIF Michoac\u00e1n, Roc\u00edo Beamonte Romero, se\u00f1al\u00f3 que durante los 100 d\u00edas de la administraci\u00f3n del Gobernador del Estado, SAC,<\/p>\n","protected":false},"author":1,"featured_media":20804,"comment_status":"open","ping_status":"open","sticky":false,"template":"","format":"standard","meta":{"footnotes":""},"categories":[14,9],"tags":[],"class_list":["post-20803","post","type-post","status-publish","format-standard","has-post-thumbnail","hentry","category-destacadas","category-morelia"],"_links":{"self":[{"href":"https:\/\/radiowebmx.com\/nota\/wp-json\/wp\/v2\/posts\/20803","targetHints":{"allow":["GET"]}}],"collection":[{"href":"https:\/\/radiowebmx.com\/nota\/wp-json\/wp\/v2\/posts"}],"about":[{"href":"https:\/\/radiowebmx.com\/nota\/wp-json\/wp\/v2\/types\/post"}],"author":[{"embeddable":true,"href":"https:\/\/radiowebmx.com\/nota\/wp-json\/wp\/v2\/users\/1"}],"replies":[{"embeddable":true,"href":"https:\/\/radiowebmx.com\/nota\/wp-json\/wp\/v2\/comments?post=20803"}],"version-history":[{"count":3,"href":"https:\/\/radiowebmx.com\/nota\/wp-json\/wp\/v2\/posts\/20803\/revisions"}],"predecessor-version":[{"id":20808,"href":"https:\/\/radiowebmx.com\/nota\/wp-json\/wp\/v2\/posts\/20803\/revisions\/20808"}],"wp:featuredmedia":[{"embeddable":true,"href":"https:\/\/radiowebmx.com\/nota\/wp-json\/wp\/v2\/media\/20804"}],"wp:attachment":[{"href":"https:\/\/radiowebmx.com\/nota\/wp-json\/wp\/v2\/media?parent=20803"}],"wp:term":[{"taxonomy":"category","embeddable":true,"href":"https:\/\/radiowebmx.com\/nota\/wp-json\/wp\/v2\/categories?post=20803"},{"taxonomy":"post_tag","embeddable":true,"href":"https:\/\/radiowebmx.com\/nota\/wp-json\/wp\/v2\/tags?post=20803"}],"curies":[{"name":"wp","href":"https:\/\/api.w.org\/{rel}","templated":true}]}}