{"id":20799,"date":"2016-01-11T13:57:39","date_gmt":"2016-01-11T19:57:39","guid":{"rendered":"https:\/\/radiowebmx.com\/nota\/?p=20799"},"modified":"2016-01-11T13:57:56","modified_gmt":"2016-01-11T19:57:56","slug":"tesoreria-municipal-llama-a-la-ciudadania-a-iniciar-el-2016-sin-adeudos","status":"publish","type":"post","link":"https:\/\/radiowebmx.com\/nota\/tesoreria-municipal-llama-a-la-ciudadania-a-iniciar-el-2016-sin-adeudos\/","title":{"rendered":"Tesorer\u00eda Municipal llama a la ciudadan\u00eda a iniciar el 2016 sin adeudos"},"content":{"rendered":"<p><a href=\"https:\/\/radiowebmx.com\/nota\/wp-content\/uploads\/2016\/01\/0689aa84-b0bf-45a8-92d1-fcbd2adc8f42.jpg\"><img loading=\"lazy\" decoding=\"async\" class=\"alignleft size-full wp-image-20800\" src=\"https:\/\/radiowebmx.com\/nota\/wp-content\/uploads\/2016\/01\/0689aa84-b0bf-45a8-92d1-fcbd2adc8f42.jpg\" alt=\"0689aa84-b0bf-45a8-92d1-fcbd2adc8f42\" width=\"591\" height=\"366\" srcset=\"https:\/\/radiowebmx.com\/nota\/wp-content\/uploads\/2016\/01\/0689aa84-b0bf-45a8-92d1-fcbd2adc8f42.jpg 591w, https:\/\/radiowebmx.com\/nota\/wp-content\/uploads\/2016\/01\/0689aa84-b0bf-45a8-92d1-fcbd2adc8f42-300x186.jpg 300w\" sizes=\"auto, (max-width: 591px) 100vw, 591px\" \/><\/a>La Tesorer\u00eda municipal, invit\u00f3 a la ciudadan\u00eda a ponerse al corriente con el pago del impuesto predial y continuar as\u00ed con la din\u00e1mica de participaci\u00f3n que ha prevalecido en estos primeros d\u00edas del a\u00f1o.<\/p>\n<p>El titular de esta dependencia, Alberto Gabriel Guzm\u00e1n D\u00edaz, record\u00f3 que en enero y febrero, el Alcalde, Alfonso Mart\u00ednez Alc\u00e1zar, autoriz\u00f3 descuentos a los contribuyentes cumplidos, los cuales consisten en 10 por ciento a los contribuyentes que acudan este primer mes del a\u00f1o y 5 por ciento a quienes lo hagan en febrero.<\/p>\n<p>Alberto Guzm\u00e1n detall\u00f3 que quienes paguen este impuesto de manera bimestral, recibir\u00e1n un descuento del 2 por ciento, en tanto los adultos mayores de 65 a\u00f1os cuyo predio no supere un valor de 500 mil pesos, se les otorgaran el 20 por ciento.<\/p>\n<p>El horario de atenci\u00f3n es de lunes a viernes en las cajas municipales ubicadas en Manantiales; Avenida L\u00e1zaro C\u00e1rdenas 1200 planta alta en la Colonia Chapultepec Sur en las oficinas de SERVIRTE; Plaza Nueva Espa\u00f1a localizada en Avenida L\u00e1zaro C\u00e1rdenas 2998 planta alta Colonia Chapultepec Norte, junto al Secretar\u00eda de Relaciones Exteriores; Palacio Municipal ubicado en la calle Allende 403 en la colonia Centro; Mercado Revoluci\u00f3n\u00a0 con direcci\u00f3n en la calle Plan de Ayala esquina con Revoluci\u00f3n; Plaza Comercial Capuchinas ubicada en Ortega y Monta\u00f1ez tambi\u00e9n; con un horario 8:30 a 15:00 horas.<\/p>\n<p>Aunado a ello, adelant\u00f3 que en breve se pondr\u00e1 en marcha un novedoso sistema de recaudaci\u00f3n para acercar este servicio a la ciudadan\u00eda, mediante un m\u00f3dulo itinerante y cajeros ubicados en zonas espec\u00edficas.<\/p>\n<p>De esta forma, dijo, se espera incrementar la recaudaci\u00f3n y traducir estos recursos en m\u00e1s y mejores obras y servicios para la ciudadan\u00eda durante el 2016.<\/p>\n","protected":false},"excerpt":{"rendered":"<p> La Tesorer\u00eda municipal, invit\u00f3 a la ciudadan\u00eda a ponerse al corriente con el pago del impuesto predial y continuar as\u00ed con la din\u00e1mica de participaci\u00f3n que ha prevalecido en estos primeros d\u00edas del a\u00f1o.<\/p>\n","protected":false},"author":1,"featured_media":20800,"comment_status":"open","ping_status":"open","sticky":false,"template":"","format":"standard","meta":{"footnotes":""},"categories":[14,9],"tags":[],"class_list":["post-20799","post","type-post","status-publish","format-standard","has-post-thumbnail","hentry","category-destacadas","category-morelia"],"_links":{"self":[{"href":"https:\/\/radiowebmx.com\/nota\/wp-json\/wp\/v2\/posts\/20799","targetHints":{"allow":["GET"]}}],"collection":[{"href":"https:\/\/radiowebmx.com\/nota\/wp-json\/wp\/v2\/posts"}],"about":[{"href":"https:\/\/radiowebmx.com\/nota\/wp-json\/wp\/v2\/types\/post"}],"author":[{"embeddable":true,"href":"https:\/\/radiowebmx.com\/nota\/wp-json\/wp\/v2\/users\/1"}],"replies":[{"embeddable":true,"href":"https:\/\/radiowebmx.com\/nota\/wp-json\/wp\/v2\/comments?post=20799"}],"version-history":[{"count":2,"href":"https:\/\/radiowebmx.com\/nota\/wp-json\/wp\/v2\/posts\/20799\/revisions"}],"predecessor-version":[{"id":20802,"href":"https:\/\/radiowebmx.com\/nota\/wp-json\/wp\/v2\/posts\/20799\/revisions\/20802"}],"wp:featuredmedia":[{"embeddable":true,"href":"https:\/\/radiowebmx.com\/nota\/wp-json\/wp\/v2\/media\/20800"}],"wp:attachment":[{"href":"https:\/\/radiowebmx.com\/nota\/wp-json\/wp\/v2\/media?parent=20799"}],"wp:term":[{"taxonomy":"category","embeddable":true,"href":"https:\/\/radiowebmx.com\/nota\/wp-json\/wp\/v2\/categories?post=20799"},{"taxonomy":"post_tag","embeddable":true,"href":"https:\/\/radiowebmx.com\/nota\/wp-json\/wp\/v2\/tags?post=20799"}],"curies":[{"name":"wp","href":"https:\/\/api.w.org\/{rel}","templated":true}]}}