{"id":20796,"date":"2016-01-11T13:53:28","date_gmt":"2016-01-11T19:53:28","guid":{"rendered":"https:\/\/radiowebmx.com\/nota\/?p=20796"},"modified":"2016-01-11T13:53:28","modified_gmt":"2016-01-11T19:53:28","slug":"a-tres-meses-del-inicio-de-la-presente-administracion-estatal-el-cecytem-avanza-en-infraestructura-educativa","status":"publish","type":"post","link":"https:\/\/radiowebmx.com\/nota\/a-tres-meses-del-inicio-de-la-presente-administracion-estatal-el-cecytem-avanza-en-infraestructura-educativa\/","title":{"rendered":"A tres meses del inicio de la presente administraci\u00f3n estatal, el CECyTEM avanza en infraestructura educativa"},"content":{"rendered":"<p><a href=\"https:\/\/radiowebmx.com\/nota\/wp-content\/uploads\/2016\/01\/a0f8612e-c7aa-4b21-a5f6-6bba38913db2.jpg\"><img loading=\"lazy\" decoding=\"async\" class=\"alignleft size-full wp-image-20797\" src=\"https:\/\/radiowebmx.com\/nota\/wp-content\/uploads\/2016\/01\/a0f8612e-c7aa-4b21-a5f6-6bba38913db2.jpg\" alt=\"a0f8612e-c7aa-4b21-a5f6-6bba38913db2\" width=\"591\" height=\"287\" srcset=\"https:\/\/radiowebmx.com\/nota\/wp-content\/uploads\/2016\/01\/a0f8612e-c7aa-4b21-a5f6-6bba38913db2.jpg 591w, https:\/\/radiowebmx.com\/nota\/wp-content\/uploads\/2016\/01\/a0f8612e-c7aa-4b21-a5f6-6bba38913db2-300x146.jpg 300w\" sizes=\"auto, (max-width: 591px) 100vw, 591px\" \/><\/a>El Colegio de Estudios Cient\u00edficos y Tecnol\u00f3gicos del Estado de Michoac\u00e1n (CECyTEM), realiz\u00f3 una inversi\u00f3n econ\u00f3mica por 5 millones 737 mil pesos en la mayor\u00eda de sus planteles con la ejecuci\u00f3n del programa federal del Proyecto para el Avance de la Autonom\u00eda de Gesti\u00f3n Escolar (PAAGES), con la finalidad de Fortalecer la autonom\u00eda de gesti\u00f3n para favorecer la realizaci\u00f3n de proyectos definidos como prioritarios por las comunidades educativas que contribuyan a la mejora de la calidad de los servicios educativos que prestan.<\/p>\n<p>La Directora General, Mar\u00eda del Carmen Escobedo P\u00e9rez, inform\u00f3 que gracias a la gesti\u00f3n del Gobernador, Silvano Aureoles Conejo, se ve fuertemente por el apoyo a la educaci\u00f3n en Michoac\u00e1n y se trabaj\u00f3 de manera coordinada con la Secretar\u00eda de Educaci\u00f3n para la liberaci\u00f3n del recurso federal, ya que en otros a\u00f1os hab\u00eda estado retrasado, \u201cen el 2014 no se logr\u00f3 aplicar todo el recurso porque no se liber\u00f3 en tiempo y forma, se les entreg\u00f3 a los directores de los planteles casi para finalizar el a\u00f1o, en fechas de 25 de diciembre y ten\u00edan que comprobar el recurso para el 31 del mismo mes\u201d.<\/p>\n<p>Hoy es importante informar que el recurso fue ejercido en 66 planteles, 45 planteles denominados CEMSAD (Centros de Educaci\u00f3n Media Superior a Distancia) y 21 planteles escolarizados CECYTE, el programa benefici\u00f3 a 14,785 alumnos, \u201cel impacto fue may\u00fasculo porque el programa permite una autonom\u00eda escolar, ya que es manejado por los directores, padres de familia y en algunas ocasiones las autoridades educativas, municipales o comunitarias\u201d, dijo Escobedo P\u00e9rez.<\/p>\n<p>La funcionaria destac\u00f3 que algunos de los planteles recibieron desde 25 mil hasta los 100 mil pesos, este recurso se pudo ampliar porque aquel plantel que recibe 50 mil pesos de apoyo, creci\u00f3 a\u00fan m\u00e1s con el apoyo de los padres de familia o comunales.<\/p>\n","protected":false},"excerpt":{"rendered":"<p>Con un monto de 5 millones 737 mil pesos fueron beneficiados 66 planteles en todo el estado.<\/p>\n","protected":false},"author":1,"featured_media":20797,"comment_status":"open","ping_status":"open","sticky":false,"template":"","format":"standard","meta":{"footnotes":""},"categories":[14,3],"tags":[],"class_list":["post-20796","post","type-post","status-publish","format-standard","has-post-thumbnail","hentry","category-destacadas","category-gobierno-del-estado-de-michoacan"],"_links":{"self":[{"href":"https:\/\/radiowebmx.com\/nota\/wp-json\/wp\/v2\/posts\/20796","targetHints":{"allow":["GET"]}}],"collection":[{"href":"https:\/\/radiowebmx.com\/nota\/wp-json\/wp\/v2\/posts"}],"about":[{"href":"https:\/\/radiowebmx.com\/nota\/wp-json\/wp\/v2\/types\/post"}],"author":[{"embeddable":true,"href":"https:\/\/radiowebmx.com\/nota\/wp-json\/wp\/v2\/users\/1"}],"replies":[{"embeddable":true,"href":"https:\/\/radiowebmx.com\/nota\/wp-json\/wp\/v2\/comments?post=20796"}],"version-history":[{"count":1,"href":"https:\/\/radiowebmx.com\/nota\/wp-json\/wp\/v2\/posts\/20796\/revisions"}],"predecessor-version":[{"id":20798,"href":"https:\/\/radiowebmx.com\/nota\/wp-json\/wp\/v2\/posts\/20796\/revisions\/20798"}],"wp:featuredmedia":[{"embeddable":true,"href":"https:\/\/radiowebmx.com\/nota\/wp-json\/wp\/v2\/media\/20797"}],"wp:attachment":[{"href":"https:\/\/radiowebmx.com\/nota\/wp-json\/wp\/v2\/media?parent=20796"}],"wp:term":[{"taxonomy":"category","embeddable":true,"href":"https:\/\/radiowebmx.com\/nota\/wp-json\/wp\/v2\/categories?post=20796"},{"taxonomy":"post_tag","embeddable":true,"href":"https:\/\/radiowebmx.com\/nota\/wp-json\/wp\/v2\/tags?post=20796"}],"curies":[{"name":"wp","href":"https:\/\/api.w.org\/{rel}","templated":true}]}}