{"id":20792,"date":"2016-01-11T13:49:53","date_gmt":"2016-01-11T19:49:53","guid":{"rendered":"https:\/\/radiowebmx.com\/nota\/?p=20792"},"modified":"2016-01-11T13:50:40","modified_gmt":"2016-01-11T19:50:40","slug":"mando-unico-policial-devuelve-a-gobiernos-municipales-autonomia-y-capacidad-de-gestion-en-favor-de-michoacanos","status":"publish","type":"post","link":"https:\/\/radiowebmx.com\/nota\/mando-unico-policial-devuelve-a-gobiernos-municipales-autonomia-y-capacidad-de-gestion-en-favor-de-michoacanos\/","title":{"rendered":"Mando \u00danico Policial devuelve a gobiernos municipales autonom\u00eda y capacidad de gesti\u00f3n en favor de michoacanos"},"content":{"rendered":"<p><a href=\"https:\/\/radiowebmx.com\/nota\/wp-content\/uploads\/2016\/01\/3bb6e6a4-ad9f-47da-9f8e-90892ffd155c.jpg\"><img loading=\"lazy\" decoding=\"async\" class=\"alignleft size-full wp-image-20793\" src=\"https:\/\/radiowebmx.com\/nota\/wp-content\/uploads\/2016\/01\/3bb6e6a4-ad9f-47da-9f8e-90892ffd155c.jpg\" alt=\"3bb6e6a4-ad9f-47da-9f8e-90892ffd155c\" width=\"591\" height=\"334\" srcset=\"https:\/\/radiowebmx.com\/nota\/wp-content\/uploads\/2016\/01\/3bb6e6a4-ad9f-47da-9f8e-90892ffd155c.jpg 591w, https:\/\/radiowebmx.com\/nota\/wp-content\/uploads\/2016\/01\/3bb6e6a4-ad9f-47da-9f8e-90892ffd155c-300x170.jpg 300w, https:\/\/radiowebmx.com\/nota\/wp-content\/uploads\/2016\/01\/3bb6e6a4-ad9f-47da-9f8e-90892ffd155c-128x72.jpg 128w\" sizes=\"auto, (max-width: 591px) 100vw, 591px\" \/><\/a>Una de las acciones m\u00e1s relevantes del gobierno encabezado por Silvano Aureoles Conejo, es el acuerdo logrado con 98 por ciento de los presidentes municipales para la instauraci\u00f3n del Mando \u00danico Policial, esquema que refuerza la eficacia operativa en seguridad p\u00fablica gracias a la coordinaci\u00f3n de los tres niveles de gobierno, y fortalece a los alcaldes antes vulnerados por grupos delictivos<\/p>\n<p>Restablecer el Estado de Derecho, hacer valer la ley y fortalecer la confianza en las instituciones, son tareas prioritarias para el titular del Ejecutivo en Michoac\u00e1n, ya que son\u00a0 factores clave para la gobernabilidad y paz en la entidad; la implementaci\u00f3n del Mando \u00danico Policial est\u00e1 orientada a cumplir con esas premisas, al mismo tiempo que busca profesionalizar las pr\u00e1cticas de los cuerpos de seguridad p\u00fablica y dignificar el papel de los polic\u00edas.<\/p>\n<p>El 98 por ciento de los municipios han firmado el convenio de adhesi\u00f3n al Mando \u00danico Policial para trabajar de manera conjunta con el Gobierno del Estado en el \u00e1mbito de la operatividad, capacitaci\u00f3n y equipamiento de los elementos operativos.<\/p>\n<p>El Mando \u00danico Policial unificar\u00e1 las diversas corporaciones policiales que durante varios a\u00f1os fueron conformadas sin una reglamentaci\u00f3n adecuada en la entidad, adem\u00e1s de homologar uniformes, mejores salarios y equipamiento.<\/p>\n<p>Este esquema operativo plantea una mejora cualitativa sustancial en la capacitaci\u00f3n y equipamiento de los cuerpos de seguridad p\u00fablica, adem\u00e1s de establecer bases y lineamientos para mejorar las condiciones en que la fuerza policial presta sus servicios a los michoacanos.<\/p>\n<p>El fortalecimiento de las fuerzas de seguridad p\u00fablica del estado contribuir\u00e1 a tener una coordinaci\u00f3n m\u00e1s estrecha con el Gobierno Federal y sus instituciones que, con la reciente detenci\u00f3n de Joaqu\u00edn Guzm\u00e1n Loera, han ratificado ante los mexicanos su compromiso con el bienestar de la ciudadan\u00eda.<\/p>\n<p>El acuerdo con alcaldes para sumarse al Mando \u00danico Policial es un importante avance hacia el objetivo de Silvano Aureoles de fortalecer a las autoridades municipales, y generar las condiciones propicias para explotar las vocaciones productivas y socioculturales de las diversas regiones en Michoac\u00e1n.<\/p>\n","protected":false},"excerpt":{"rendered":"<p>Una de las acciones m\u00e1s relevantes del gobierno encabezado por SAC, es el acuerdo logrado con 98 por ciento de los presidentes municipales para la instauraci\u00f3n del Mando \u00danico Policial,<\/p>\n","protected":false},"author":1,"featured_media":20793,"comment_status":"open","ping_status":"open","sticky":false,"template":"","format":"standard","meta":{"footnotes":""},"categories":[14,3],"tags":[],"class_list":["post-20792","post","type-post","status-publish","format-standard","has-post-thumbnail","hentry","category-destacadas","category-gobierno-del-estado-de-michoacan"],"_links":{"self":[{"href":"https:\/\/radiowebmx.com\/nota\/wp-json\/wp\/v2\/posts\/20792","targetHints":{"allow":["GET"]}}],"collection":[{"href":"https:\/\/radiowebmx.com\/nota\/wp-json\/wp\/v2\/posts"}],"about":[{"href":"https:\/\/radiowebmx.com\/nota\/wp-json\/wp\/v2\/types\/post"}],"author":[{"embeddable":true,"href":"https:\/\/radiowebmx.com\/nota\/wp-json\/wp\/v2\/users\/1"}],"replies":[{"embeddable":true,"href":"https:\/\/radiowebmx.com\/nota\/wp-json\/wp\/v2\/comments?post=20792"}],"version-history":[{"count":2,"href":"https:\/\/radiowebmx.com\/nota\/wp-json\/wp\/v2\/posts\/20792\/revisions"}],"predecessor-version":[{"id":20795,"href":"https:\/\/radiowebmx.com\/nota\/wp-json\/wp\/v2\/posts\/20792\/revisions\/20795"}],"wp:featuredmedia":[{"embeddable":true,"href":"https:\/\/radiowebmx.com\/nota\/wp-json\/wp\/v2\/media\/20793"}],"wp:attachment":[{"href":"https:\/\/radiowebmx.com\/nota\/wp-json\/wp\/v2\/media?parent=20792"}],"wp:term":[{"taxonomy":"category","embeddable":true,"href":"https:\/\/radiowebmx.com\/nota\/wp-json\/wp\/v2\/categories?post=20792"},{"taxonomy":"post_tag","embeddable":true,"href":"https:\/\/radiowebmx.com\/nota\/wp-json\/wp\/v2\/tags?post=20792"}],"curies":[{"name":"wp","href":"https:\/\/api.w.org\/{rel}","templated":true}]}}