{"id":20788,"date":"2016-01-11T13:46:09","date_gmt":"2016-01-11T19:46:09","guid":{"rendered":"https:\/\/radiowebmx.com\/nota\/?p=20788"},"modified":"2016-01-11T13:46:09","modified_gmt":"2016-01-11T19:46:09","slug":"alfonso-martinez-facilitara-recuperacion-de-vehiculos-en-el-corralon","status":"publish","type":"post","link":"https:\/\/radiowebmx.com\/nota\/alfonso-martinez-facilitara-recuperacion-de-vehiculos-en-el-corralon\/","title":{"rendered":"Alfonso Mart\u00ednez facilitar\u00e1 recuperaci\u00f3n de veh\u00edculos en el corral\u00f3n"},"content":{"rendered":"<p><a href=\"https:\/\/radiowebmx.com\/nota\/wp-content\/uploads\/2016\/01\/d1f156a2-b194-4176-93db-369aae7402b2.jpg\"><img loading=\"lazy\" decoding=\"async\" class=\"alignleft  wp-image-20789\" src=\"https:\/\/radiowebmx.com\/nota\/wp-content\/uploads\/2016\/01\/d1f156a2-b194-4176-93db-369aae7402b2.jpg\" alt=\"d1f156a2-b194-4176-93db-369aae7402b2\" width=\"337\" height=\"1160\" \/><\/a>Con el objetivo de apoyar a los ciudadanos que poseen autom\u00f3viles o motocicletas\u00a0 bajo custodia del corral\u00f3n municipal, el\u00a0 Ayuntamiento de Morelia, a trav\u00e9s de la Comisi\u00f3n Municipal de Seguridad, organizar\u00e1 una feria de recuperaci\u00f3n\u00a0 de veh\u00edculos que se estar\u00e1 llevando a cabo en los pr\u00f3ximos d\u00edas.<\/p>\n<p>Lo anterior ser\u00e1 posible mediante un acuerdo que firmar\u00e1 el Ayuntamiento que encabeza el Alcalde, Alfonso Mart\u00ednez Alc\u00e1zar, en el cu\u00e1l\u00a0 se establece la\u00a0\u00a0 condonaci\u00f3n\u00a0 del 95 por ciento del adeudo por resguardo de motocicleta o autom\u00f3vil, as\u00ed como del monto\u00a0 total de la multa por infracci\u00f3n de cada veh\u00edculo.<\/p>\n<p>El encargado de la Comisi\u00f3n Municipal de Seguridad, Bernardo Le\u00f3n Olea, inform\u00f3 que con este evento se pretende adem\u00e1s de facilitar la liberaci\u00f3n de veh\u00edculos, la procuraci\u00f3n del orden en los corralones y la reorganizaci\u00f3n de los mismos como un primer paso para tener un corral\u00f3n municipal mucho m\u00e1s digno para la ciudadan\u00eda moreliana.<\/p>\n<p>Agreg\u00f3 que para\u00a0 comodidad de quienes deseen recuperar su bien, habr\u00e1 servicios privados de gr\u00faa, taller mec\u00e1nico, vulcanizadora y cerrajer\u00eda que se encontrar\u00e1n\u00a0 abiertos y cercanos al lugar del evento.<\/p>\n<p>Los requisitos para poder ser acreedor al descuento de la deuda por resguardo y a la condonaci\u00f3n\u00a0 total de la multa, as\u00ed como las fechas de la feria,\u00a0 se dar\u00e1n a conocer a mitad de semana en las redes sociales del Gobierno Municipal y en otros medios de comunicaci\u00f3n.<\/p>\n","protected":false},"excerpt":{"rendered":"<p>Con el objetivo de apoyar a los ciudadanos que poseen autom\u00f3viles o motocicletas  bajo custodia del corral\u00f3n municipal, el  Ayuntamiento de Morelia,<\/p>\n","protected":false},"author":1,"featured_media":20790,"comment_status":"open","ping_status":"open","sticky":false,"template":"","format":"standard","meta":{"footnotes":""},"categories":[14,9],"tags":[],"class_list":["post-20788","post","type-post","status-publish","format-standard","has-post-thumbnail","hentry","category-destacadas","category-morelia"],"_links":{"self":[{"href":"https:\/\/radiowebmx.com\/nota\/wp-json\/wp\/v2\/posts\/20788","targetHints":{"allow":["GET"]}}],"collection":[{"href":"https:\/\/radiowebmx.com\/nota\/wp-json\/wp\/v2\/posts"}],"about":[{"href":"https:\/\/radiowebmx.com\/nota\/wp-json\/wp\/v2\/types\/post"}],"author":[{"embeddable":true,"href":"https:\/\/radiowebmx.com\/nota\/wp-json\/wp\/v2\/users\/1"}],"replies":[{"embeddable":true,"href":"https:\/\/radiowebmx.com\/nota\/wp-json\/wp\/v2\/comments?post=20788"}],"version-history":[{"count":1,"href":"https:\/\/radiowebmx.com\/nota\/wp-json\/wp\/v2\/posts\/20788\/revisions"}],"predecessor-version":[{"id":20791,"href":"https:\/\/radiowebmx.com\/nota\/wp-json\/wp\/v2\/posts\/20788\/revisions\/20791"}],"wp:featuredmedia":[{"embeddable":true,"href":"https:\/\/radiowebmx.com\/nota\/wp-json\/wp\/v2\/media\/20790"}],"wp:attachment":[{"href":"https:\/\/radiowebmx.com\/nota\/wp-json\/wp\/v2\/media?parent=20788"}],"wp:term":[{"taxonomy":"category","embeddable":true,"href":"https:\/\/radiowebmx.com\/nota\/wp-json\/wp\/v2\/categories?post=20788"},{"taxonomy":"post_tag","embeddable":true,"href":"https:\/\/radiowebmx.com\/nota\/wp-json\/wp\/v2\/tags?post=20788"}],"curies":[{"name":"wp","href":"https:\/\/api.w.org\/{rel}","templated":true}]}}