{"id":20772,"date":"2016-01-08T15:11:32","date_gmt":"2016-01-08T21:11:32","guid":{"rendered":"https:\/\/radiowebmx.com\/nota\/?p=20772"},"modified":"2016-01-08T15:11:32","modified_gmt":"2016-01-08T21:11:32","slug":"el-gobierno-del-estado-dara-apoyo-sin-precedente-al-conalep","status":"publish","type":"post","link":"https:\/\/radiowebmx.com\/nota\/el-gobierno-del-estado-dara-apoyo-sin-precedente-al-conalep\/","title":{"rendered":"El Gobierno del Estado dar\u00e1 apoyo sin precedente al Conalep"},"content":{"rendered":"<p><a href=\"https:\/\/radiowebmx.com\/nota\/wp-content\/uploads\/2016\/01\/be525fb4-fee4-4327-94a7-9b419ddaeefc.jpg\"><img loading=\"lazy\" decoding=\"async\" class=\"alignleft size-full wp-image-20773\" src=\"https:\/\/radiowebmx.com\/nota\/wp-content\/uploads\/2016\/01\/be525fb4-fee4-4327-94a7-9b419ddaeefc.jpg\" alt=\"be525fb4-fee4-4327-94a7-9b419ddaeefc\" width=\"591\" height=\"390\" srcset=\"https:\/\/radiowebmx.com\/nota\/wp-content\/uploads\/2016\/01\/be525fb4-fee4-4327-94a7-9b419ddaeefc.jpg 591w, https:\/\/radiowebmx.com\/nota\/wp-content\/uploads\/2016\/01\/be525fb4-fee4-4327-94a7-9b419ddaeefc-300x198.jpg 300w\" sizes=\"auto, (max-width: 591px) 100vw, 591px\" \/><\/a>La entrega de equipo para laboratorios y talleres, as\u00ed como la rehabilitaci\u00f3n de los 13 planteles del Colegio de Educaci\u00f3n Profesional T\u00e9cnica del Estado de Michoac\u00e1n (Conalep), son tan s\u00f3lo algunas de las acciones que la administraci\u00f3n que encabeza el Gobernador Silvano Aureoles Conejo, realizar\u00e1 este a\u00f1o en beneficio de los m\u00e1s de 11 mil alumnos y alumnas del subsistema.<\/p>\n<p>La titular del Conalep, Minerva Bautista G\u00f3mez, garantiz\u00f3 que los recursos asignados al subsistema ser\u00e1n aplicados de forma transparente y eficiente para materializar uno de los principales objetivos que se ha trazado el Ejecutivo estatal: atender las demandas de los 13 planteles del Colegio para fortalecer la calidad de la educaci\u00f3n que reciben los j\u00f3venes michoacanos, quienes necesitan que su formaci\u00f3n acad\u00e9mica les permita obtener empleo y cumplir las expectativas del sector productivo, lo que permitir\u00e1 detonar el desarrollo econ\u00f3mico de Michoac\u00e1n.<\/p>\n<p>Se prev\u00e9 que durante las pr\u00f3ximas semanas los talleres de Mec\u00e1nica e Inform\u00e1tica, as\u00ed como los laboratorios de Bioqu\u00edmica, Qu\u00edmica y Alimentos, recibir\u00e1n el equipo necesario para que los estudiantes del Conalep consoliden sus conocimientos.<\/p>\n<p>Bautista G\u00f3mez destac\u00f3 que las acciones puestas en marcha por el Gobierno del Estado en beneficio del Conalep, forman parte de la estrategia para disminuir los \u00edndices de reprobaci\u00f3n y deserci\u00f3n del nivel medio superior, lo cual se ver\u00e1 reflejado en la transformaci\u00f3n y estabilidad que necesita el sector educativo del Michoac\u00e1n del nuevo comienzo.<\/p>\n","protected":false},"excerpt":{"rendered":"<p>La entrega de equipo para laboratorios y talleres, as\u00ed como la rehabilitaci\u00f3n de los 13 planteles del Conalep, son tan s\u00f3lo algunas de las acciones que la administraci\u00f3n que encabeza el Gobernador Silvano Aureoles Conejo, <\/p>\n","protected":false},"author":1,"featured_media":20773,"comment_status":"open","ping_status":"open","sticky":false,"template":"","format":"standard","meta":{"footnotes":""},"categories":[14,3],"tags":[],"class_list":["post-20772","post","type-post","status-publish","format-standard","has-post-thumbnail","hentry","category-destacadas","category-gobierno-del-estado-de-michoacan"],"_links":{"self":[{"href":"https:\/\/radiowebmx.com\/nota\/wp-json\/wp\/v2\/posts\/20772","targetHints":{"allow":["GET"]}}],"collection":[{"href":"https:\/\/radiowebmx.com\/nota\/wp-json\/wp\/v2\/posts"}],"about":[{"href":"https:\/\/radiowebmx.com\/nota\/wp-json\/wp\/v2\/types\/post"}],"author":[{"embeddable":true,"href":"https:\/\/radiowebmx.com\/nota\/wp-json\/wp\/v2\/users\/1"}],"replies":[{"embeddable":true,"href":"https:\/\/radiowebmx.com\/nota\/wp-json\/wp\/v2\/comments?post=20772"}],"version-history":[{"count":1,"href":"https:\/\/radiowebmx.com\/nota\/wp-json\/wp\/v2\/posts\/20772\/revisions"}],"predecessor-version":[{"id":20774,"href":"https:\/\/radiowebmx.com\/nota\/wp-json\/wp\/v2\/posts\/20772\/revisions\/20774"}],"wp:featuredmedia":[{"embeddable":true,"href":"https:\/\/radiowebmx.com\/nota\/wp-json\/wp\/v2\/media\/20773"}],"wp:attachment":[{"href":"https:\/\/radiowebmx.com\/nota\/wp-json\/wp\/v2\/media?parent=20772"}],"wp:term":[{"taxonomy":"category","embeddable":true,"href":"https:\/\/radiowebmx.com\/nota\/wp-json\/wp\/v2\/categories?post=20772"},{"taxonomy":"post_tag","embeddable":true,"href":"https:\/\/radiowebmx.com\/nota\/wp-json\/wp\/v2\/tags?post=20772"}],"curies":[{"name":"wp","href":"https:\/\/api.w.org\/{rel}","templated":true}]}}