{"id":20770,"date":"2016-01-08T15:08:24","date_gmt":"2016-01-08T21:08:24","guid":{"rendered":"https:\/\/radiowebmx.com\/nota\/?p=20770"},"modified":"2016-01-08T15:08:24","modified_gmt":"2016-01-08T21:08:24","slug":"fortalece-ijum-capacitacion-laboral-y-academica-para-jovenes","status":"publish","type":"post","link":"https:\/\/radiowebmx.com\/nota\/fortalece-ijum-capacitacion-laboral-y-academica-para-jovenes\/","title":{"rendered":"Fortalece IJUM capacitaci\u00f3n laboral y acad\u00e9mica para j\u00f3venes"},"content":{"rendered":"<p>Fortalecer la educaci\u00f3n y asegurar un mejor futuro en el mundo laboral para los j\u00f3venes, es una de las instrucciones del Presidente Municipal, Alfonso Mart\u00ednez Alc\u00e1zar, para el Instituto de la Juventud Moreliana (IJUM).<\/p>\n<p>La titular de esta dependencia municipal, Ana Cristina Prado Mart\u00ednez, coment\u00f3 que parte de las pol\u00edticas que desarrollar\u00e1 la instancia a su cargo, es apoyar a este sector de la sociedad, en el cual se encuentran 225 mil personas en el rango de edad de 12 a 29 a\u00f1os.<\/p>\n<p>\u201cTodo parte de la educaci\u00f3n ya que es as\u00ed como se pueden conseguir muy buenos empleos, entonces queremos que partir de la educaci\u00f3n y bases s\u00f3lidas, tengan mejores oportunidades de desarrollo\u201d, resalt\u00f3.<\/p>\n<p>Prado Mart\u00ednez adelant\u00f3 que dentro de los planes de trabajo del 2016, en el IJUM se planea establecer capacitaci\u00f3n laboral para los j\u00f3venes al tomar en cuenta que las empresas piden experiencia para dotarlos de su primer empleo.<\/p>\n<p>Inform\u00f3 que el instituto a su cargo imparte cursos de nutrici\u00f3n y psicolog\u00eda, los cuales tendr\u00e1n continuidad en la presente anualidad; asimismo, detall\u00f3 que el IJUM se enfocar\u00e1 a los j\u00f3venes que no estudian y trabajan para mejorar su calidad de vida y que tengan m\u00e1s oportunidades laborales y acad\u00e9micas.<\/p>\n<p>Ana Prado indic\u00f3 que la instrucci\u00f3n del Alcalde, Alfonso Mart\u00ednez es acercar los servicios del Ayuntamiento de Morelia a los j\u00f3venes y \u00a0hacerlos part\u00edcipes del desarrollo de la capital de Michoac\u00e1n, por ello, dijo, se pondr\u00e1n a su disposici\u00f3n los recursos del IJUM para que potencien sus capacidades y tengan un papel m\u00e1s activo en la construcci\u00f3n de un mejor municipio.<\/p>\n","protected":false},"excerpt":{"rendered":"<p>Fortalecer la educaci\u00f3n y asegurar un mejor futuro en el mundo laboral para los j\u00f3venes, es una de las instrucciones del Presidente Municipal, Alfonso Mart\u00ednez Alc\u00e1zar, para el IJUM.  <\/p>\n","protected":false},"author":1,"featured_media":0,"comment_status":"open","ping_status":"open","sticky":false,"template":"","format":"standard","meta":{"footnotes":""},"categories":[14,9],"tags":[],"class_list":["post-20770","post","type-post","status-publish","format-standard","hentry","category-destacadas","category-morelia"],"_links":{"self":[{"href":"https:\/\/radiowebmx.com\/nota\/wp-json\/wp\/v2\/posts\/20770","targetHints":{"allow":["GET"]}}],"collection":[{"href":"https:\/\/radiowebmx.com\/nota\/wp-json\/wp\/v2\/posts"}],"about":[{"href":"https:\/\/radiowebmx.com\/nota\/wp-json\/wp\/v2\/types\/post"}],"author":[{"embeddable":true,"href":"https:\/\/radiowebmx.com\/nota\/wp-json\/wp\/v2\/users\/1"}],"replies":[{"embeddable":true,"href":"https:\/\/radiowebmx.com\/nota\/wp-json\/wp\/v2\/comments?post=20770"}],"version-history":[{"count":1,"href":"https:\/\/radiowebmx.com\/nota\/wp-json\/wp\/v2\/posts\/20770\/revisions"}],"predecessor-version":[{"id":20771,"href":"https:\/\/radiowebmx.com\/nota\/wp-json\/wp\/v2\/posts\/20770\/revisions\/20771"}],"wp:attachment":[{"href":"https:\/\/radiowebmx.com\/nota\/wp-json\/wp\/v2\/media?parent=20770"}],"wp:term":[{"taxonomy":"category","embeddable":true,"href":"https:\/\/radiowebmx.com\/nota\/wp-json\/wp\/v2\/categories?post=20770"},{"taxonomy":"post_tag","embeddable":true,"href":"https:\/\/radiowebmx.com\/nota\/wp-json\/wp\/v2\/tags?post=20770"}],"curies":[{"name":"wp","href":"https:\/\/api.w.org\/{rel}","templated":true}]}}