{"id":20746,"date":"2016-01-08T13:52:53","date_gmt":"2016-01-08T19:52:53","guid":{"rendered":"https:\/\/radiowebmx.com\/nota\/?p=20746"},"modified":"2016-01-08T13:52:53","modified_gmt":"2016-01-08T19:52:53","slug":"mejora-gobierno-municipal-lineas-de-comunicacion-con-la-ciudadania","status":"publish","type":"post","link":"https:\/\/radiowebmx.com\/nota\/mejora-gobierno-municipal-lineas-de-comunicacion-con-la-ciudadania\/","title":{"rendered":"Mejora Gobierno Municipal l\u00edneas de comunicaci\u00f3n con la ciudadan\u00eda"},"content":{"rendered":"<p><a href=\"https:\/\/radiowebmx.com\/nota\/wp-content\/uploads\/2016\/01\/25f064b4-0ba5-415d-bd68-209913d107c2.jpg\"><img loading=\"lazy\" decoding=\"async\" class=\"alignleft size-full wp-image-20747\" src=\"https:\/\/radiowebmx.com\/nota\/wp-content\/uploads\/2016\/01\/25f064b4-0ba5-415d-bd68-209913d107c2.jpg\" alt=\"25f064b4-0ba5-415d-bd68-209913d107c2\" width=\"591\" height=\"338\" srcset=\"https:\/\/radiowebmx.com\/nota\/wp-content\/uploads\/2016\/01\/25f064b4-0ba5-415d-bd68-209913d107c2.jpg 591w, https:\/\/radiowebmx.com\/nota\/wp-content\/uploads\/2016\/01\/25f064b4-0ba5-415d-bd68-209913d107c2-300x172.jpg 300w, https:\/\/radiowebmx.com\/nota\/wp-content\/uploads\/2016\/01\/25f064b4-0ba5-415d-bd68-209913d107c2-128x72.jpg 128w\" sizes=\"auto, (max-width: 591px) 100vw, 591px\" \/><\/a>El Ayuntamiento de Morelia que preside el Alcalde, Alfonso Mart\u00ednez Alc\u00e1zar buscar\u00e1 durante este 2016, mejorar los est\u00e1ndares de atenci\u00f3n a las demandas de la ciudadan\u00eda a trav\u00e9s de la l\u00ednea de denuncia 072 que a partir del pasado primero de enero, forma parte de la Secretar\u00eda de Servicios P\u00fablicos.<\/p>\n<p>El titular de esta dependencia, Jos\u00e9 Luis Gil V\u00e1zquez explic\u00f3 que una de las principales prioridades para el Gobierno Municipal es atender de forma inmediata las necesidades que los morelianos tengan en cuanto a diversos temas.<\/p>\n<p>Gil V\u00e1zquez, resalt\u00f3 que la idea de que el 072 forme parte de su Secretar\u00eda se debe a que esta l\u00ednea ciudadana sea utilizada como una herramienta de trabajo y que de esa manera se tenga un mejor control para brindar las soluciones de manera pronta.<\/p>\n<p>Cabe mencionar que estas adecuaciones se aprobaron en sesi\u00f3n de Cabildo con las reformas al Bando de Gobierno que se realizaron a finales del a\u00f1o pasado y en las cu\u00e1les se adecuan algunas \u00e1reas, lo que permitir\u00e1 reducir la burocracia y acrecentar la eficiencia de cada una de las dependencias.<\/p>\n<p>\u201cLa intenci\u00f3n es que de podamos utilizar esta v\u00eda como una herramienta de trabajo para la propia Secretar\u00eda, fundamentalmente el hecho de que tengamos un control de ello, nos va a permitir tener informaci\u00f3n en tiempo y forma, y nosotros darles soluciones m\u00e1s r\u00e1pidas a la ciudadan\u00eda que finalmente es lo que est\u00e1n buscando\u201d subray\u00f3 Jos\u00e9 Luis Gil V\u00e1zquez.<\/p>\n<p>Gil V\u00e1zquez, reiter\u00f3 que se buscar\u00e1 tener un mejor par\u00e1metro de atenci\u00f3n a la ciudadan\u00eda y de esa manera responderle con informaci\u00f3n \u00fatil y precisa respecto al tema que hayan planteado.<\/p>\n<p>Finalmente, se\u00f1al\u00f3 que la instrucci\u00f3n del Alcalde de mejorar los servicios que brinda el Ayuntamiento, es clara en cuanto a mejorar los canales de comunicaci\u00f3n y de respuesta a sus necesidades.<\/p>\n","protected":false},"excerpt":{"rendered":"<p>El Ayuntamiento de Morelia que preside el Alcalde, Alfonso Mart\u00ednez Alc\u00e1zar buscar\u00e1 durante este 2016, mejorar los est\u00e1ndares de atenci\u00f3n a las demandas de la ciudadan\u00eda a trav\u00e9s de la l\u00ednea de denuncia 072.<\/p>\n","protected":false},"author":1,"featured_media":20747,"comment_status":"open","ping_status":"open","sticky":false,"template":"","format":"standard","meta":{"footnotes":""},"categories":[14,9],"tags":[],"class_list":["post-20746","post","type-post","status-publish","format-standard","has-post-thumbnail","hentry","category-destacadas","category-morelia"],"_links":{"self":[{"href":"https:\/\/radiowebmx.com\/nota\/wp-json\/wp\/v2\/posts\/20746","targetHints":{"allow":["GET"]}}],"collection":[{"href":"https:\/\/radiowebmx.com\/nota\/wp-json\/wp\/v2\/posts"}],"about":[{"href":"https:\/\/radiowebmx.com\/nota\/wp-json\/wp\/v2\/types\/post"}],"author":[{"embeddable":true,"href":"https:\/\/radiowebmx.com\/nota\/wp-json\/wp\/v2\/users\/1"}],"replies":[{"embeddable":true,"href":"https:\/\/radiowebmx.com\/nota\/wp-json\/wp\/v2\/comments?post=20746"}],"version-history":[{"count":1,"href":"https:\/\/radiowebmx.com\/nota\/wp-json\/wp\/v2\/posts\/20746\/revisions"}],"predecessor-version":[{"id":20748,"href":"https:\/\/radiowebmx.com\/nota\/wp-json\/wp\/v2\/posts\/20746\/revisions\/20748"}],"wp:featuredmedia":[{"embeddable":true,"href":"https:\/\/radiowebmx.com\/nota\/wp-json\/wp\/v2\/media\/20747"}],"wp:attachment":[{"href":"https:\/\/radiowebmx.com\/nota\/wp-json\/wp\/v2\/media?parent=20746"}],"wp:term":[{"taxonomy":"category","embeddable":true,"href":"https:\/\/radiowebmx.com\/nota\/wp-json\/wp\/v2\/categories?post=20746"},{"taxonomy":"post_tag","embeddable":true,"href":"https:\/\/radiowebmx.com\/nota\/wp-json\/wp\/v2\/tags?post=20746"}],"curies":[{"name":"wp","href":"https:\/\/api.w.org\/{rel}","templated":true}]}}