{"id":20729,"date":"2016-01-07T11:59:33","date_gmt":"2016-01-07T17:59:33","guid":{"rendered":"https:\/\/radiowebmx.com\/nota\/?p=20729"},"modified":"2016-01-07T11:59:33","modified_gmt":"2016-01-07T17:59:33","slug":"proteccion-civil-y-bomberos-de-morelia-implementa-operativo-en-centro-de-morelia-por-rosca-de-reyes","status":"publish","type":"post","link":"https:\/\/radiowebmx.com\/nota\/proteccion-civil-y-bomberos-de-morelia-implementa-operativo-en-centro-de-morelia-por-rosca-de-reyes\/","title":{"rendered":"Protecci\u00f3n Civil y Bomberos de Morelia implementa operativo en Centro de Morelia por Rosca de Reyes"},"content":{"rendered":"<p><a href=\"https:\/\/radiowebmx.com\/nota\/wp-content\/uploads\/2016\/01\/b500cb94-8e25-4006-9bd7-61a28da7fef8.jpg\"><img loading=\"lazy\" decoding=\"async\" class=\"alignleft size-full wp-image-20730\" src=\"https:\/\/radiowebmx.com\/nota\/wp-content\/uploads\/2016\/01\/b500cb94-8e25-4006-9bd7-61a28da7fef8.jpg\" alt=\"b500cb94-8e25-4006-9bd7-61a28da7fef8\" width=\"591\" height=\"403\" srcset=\"https:\/\/radiowebmx.com\/nota\/wp-content\/uploads\/2016\/01\/b500cb94-8e25-4006-9bd7-61a28da7fef8.jpg 591w, https:\/\/radiowebmx.com\/nota\/wp-content\/uploads\/2016\/01\/b500cb94-8e25-4006-9bd7-61a28da7fef8-300x205.jpg 300w\" sizes=\"auto, (max-width: 591px) 100vw, 591px\" \/><\/a>El coordinador de Protecci\u00f3n Civil y Bomberos de Morelia, Eduardo Ram\u00edrez Canals dio a conocer que en el marco de la tradicional y monumental Rosca de Reyes, evento el cual se realizar\u00e1 al filo de las 17:00 horas, la instancia municipal a su\u00a0cargo implementar\u00e1 un operativo en el Primer Cuadro de la ciudad, para garantizar la seguridad de los asistentes.<\/p>\n<p>Es de mencionar que este 6 de Enero la circulaci\u00f3n vial estar\u00e1 cerrada hasta las 21 horas la Avenida Madero en su cruce con Morelos hasta la calle Abasolo, con motivo de esta actividad.<\/p>\n<p>Ram\u00edrez Canals destac\u00f3 que Protecci\u00f3n Civil municipal instalar\u00e1 un puesto de mando con un cami\u00f3n de bomberos y una ambulancia para atender cualquier emergencia que se pueda presentar en la zona Centro.<\/p>\n<p>\u201cHay muchas familias, mucha algarab\u00eda, lo que estamos procurando, en coordinaci\u00f3n con la Direcci\u00f3n General de Seguridad Ciudadana, es establecer un esquema de seguridad en el Primer Cuadro de Morelia\u201d.<\/p>\n<p>El Coordinador\u00a0 de Protecci\u00f3n Civil y Bomberos de Morelia\u00a0 inform\u00f3 que se tendr\u00e1 una plantilla de bomberos param\u00e9dicos para cualquier eventualidad que pueda presentarse\u00a0 y tener una mejor e inmediata\u00a0 reacci\u00f3n.<\/p>\n<p>Asegur\u00f3 que el personal a su cargo se mantendr\u00e1 en la zona hasta el t\u00e9rmino del evento de la Monumental Rosca de Reyes.<\/p>\n<p>Es importante mencionar que dicho evento ser\u00e1 completamente gratuito y de acceso libre para toda la poblaci\u00f3n que acuda a las 17:00 horas para degustar un rico pedazo de este pan tradicional como es la rosca elaborada por los panaderos morelianos y michoacanos.<\/p>\n","protected":false},"excerpt":{"rendered":"<p>El coordinador de Protecci\u00f3n Civil y Bomberos de Morelia, Eduardo Ram\u00edrez Canals dio a conocer que en el marco de la tradicional y monumental Rosca de Reyes, evento el cual se realizar\u00e1 al filo de las 17:00 horas,<\/p>\n","protected":false},"author":1,"featured_media":20730,"comment_status":"open","ping_status":"open","sticky":false,"template":"","format":"standard","meta":{"footnotes":""},"categories":[14,9],"tags":[],"class_list":["post-20729","post","type-post","status-publish","format-standard","has-post-thumbnail","hentry","category-destacadas","category-morelia"],"_links":{"self":[{"href":"https:\/\/radiowebmx.com\/nota\/wp-json\/wp\/v2\/posts\/20729","targetHints":{"allow":["GET"]}}],"collection":[{"href":"https:\/\/radiowebmx.com\/nota\/wp-json\/wp\/v2\/posts"}],"about":[{"href":"https:\/\/radiowebmx.com\/nota\/wp-json\/wp\/v2\/types\/post"}],"author":[{"embeddable":true,"href":"https:\/\/radiowebmx.com\/nota\/wp-json\/wp\/v2\/users\/1"}],"replies":[{"embeddable":true,"href":"https:\/\/radiowebmx.com\/nota\/wp-json\/wp\/v2\/comments?post=20729"}],"version-history":[{"count":1,"href":"https:\/\/radiowebmx.com\/nota\/wp-json\/wp\/v2\/posts\/20729\/revisions"}],"predecessor-version":[{"id":20731,"href":"https:\/\/radiowebmx.com\/nota\/wp-json\/wp\/v2\/posts\/20729\/revisions\/20731"}],"wp:featuredmedia":[{"embeddable":true,"href":"https:\/\/radiowebmx.com\/nota\/wp-json\/wp\/v2\/media\/20730"}],"wp:attachment":[{"href":"https:\/\/radiowebmx.com\/nota\/wp-json\/wp\/v2\/media?parent=20729"}],"wp:term":[{"taxonomy":"category","embeddable":true,"href":"https:\/\/radiowebmx.com\/nota\/wp-json\/wp\/v2\/categories?post=20729"},{"taxonomy":"post_tag","embeddable":true,"href":"https:\/\/radiowebmx.com\/nota\/wp-json\/wp\/v2\/tags?post=20729"}],"curies":[{"name":"wp","href":"https:\/\/api.w.org\/{rel}","templated":true}]}}