{"id":2050,"date":"2013-04-03T12:58:37","date_gmt":"2013-04-03T18:58:37","guid":{"rendered":"https:\/\/radiowebmx.com\/nota\/?p=2050"},"modified":"2013-04-03T12:58:37","modified_gmt":"2013-04-03T18:58:37","slug":"parlamento-juvenil-permitira-garantizar-inclusion-de-jovenes-en-la-vida-politica-del-estado-gaby-ceballos","status":"publish","type":"post","link":"https:\/\/radiowebmx.com\/nota\/parlamento-juvenil-permitira-garantizar-inclusion-de-jovenes-en-la-vida-politica-del-estado-gaby-ceballos\/","title":{"rendered":"Parlamento Juvenil permitir\u00e1 garantizar inclusi\u00f3n de j\u00f3venes en la vida pol\u00edtica del Estado: Gaby Ceballos"},"content":{"rendered":"<p><a href=\"https:\/\/radiowebmx.com\/nota\/wp-content\/uploads\/2013\/04\/Dip.-Gabriela-Ceballos-Hern\u00e1ndez.jpg\"><img loading=\"lazy\" decoding=\"async\" class=\"alignleft size-medium wp-image-2051\" title=\"Dip. Gabriela Ceballos Hern\u00e1ndez\" src=\"https:\/\/radiowebmx.com\/nota\/wp-content\/uploads\/2013\/04\/Dip.-Gabriela-Ceballos-Hern\u00e1ndez-286x300.jpg\" alt=\"\" width=\"286\" height=\"300\" \/><\/a>\u201cCon la aprobaci\u00f3n del dictamen del Parlamento Juvenil Michoacano, ya es una acci\u00f3n concreta la implementaci\u00f3n de espacios que permitir\u00e1n la apertura de participaci\u00f3n de los j\u00f3venes michoacanos en la toma de decisiones del Estado\u201d, as\u00ed lo dio a conocer la diputada Gabriela Ceballos Hern\u00e1ndez, al ratificar que la pr\u00f3xima semana en sesi\u00f3n ante el Pleno,\u00a0ser\u00e1 presentado el dictamen aprobado por las Comisiones dictaminadoras, para su votaci\u00f3n y aprobaci\u00f3n.<\/p>\n<p>Cabe destacar, que la legisladora panista present\u00f3 ante el Pleno del Poder Legislativo el pasado mes de agosto, en el marco de la celebraci\u00f3n del D\u00eda Internacional de la Juventud, un punto de acuerdo para que se lleve a cabo la celebraci\u00f3n anual del Parlamento Juvenil Michoacano, mismo que fue aprobado por unanimidad por la actual Legislatura, con el objetivo de recabar propuestas surgidas de los dichos Parlamentos Juveniles y que \u00e9stas puedan ser incluidas como parte del trabajo legislativo, ya que con ello se estar\u00e1 promoviendo el inter\u00e9s de los j\u00f3venes a participar en las cuestiones p\u00fablicas de la entidad.<\/p>\n<p>De acuerdo con cifras del INEGI, poco m\u00e1s de la cuarta parte de la poblaci\u00f3n en el estado, lo que equivale a 25.9 por ciento, son j\u00f3venes de 15 a 29 a\u00f1os de edad, lo que \u201cdemuestra la urgencia e importancia de invertir en la preparaci\u00f3n, desarrollo, as\u00ed como en una educaci\u00f3n de calidad que motive a la juventud, y con ello se conviertan en el sector productivo y de desarrollo de la entidad\u201d.<\/p>\n<p>En entrevista, Gabriela Ceballos Hern\u00e1ndez destac\u00f3 que el Parlamento Juvenil se realizar\u00e1 anualmente y por primera vez en la entidad, siendo \u00e9sta una acci\u00f3n actualmente formalizada y concretada por el Poder Legislativo en favor de los j\u00f3venes michoacanos.<\/p>\n<p>\u201cEs importante la creaci\u00f3n de espacios de participaci\u00f3n y expresi\u00f3n, as\u00ed como de motivaci\u00f3n para que el sector juvenil exprese sus ideas y forma de pensar de manera clara y libre\u201d, explic\u00f3 la legisladora panista.<\/p>\n<p>As\u00ed mismo, ante la crisis de inseguridad, as\u00ed como delincuencia juvenil y los constantes problemas socioecon\u00f3micos que enfrentan actualmente nuestra sociedad; \u00a0manifest\u00f3, \u201ces urgente la necesidad de enfocar esfuerzos en los j\u00f3venes, as\u00ed como el escuchar sus ideas y trabajar en conjunto con sus aportaciones, lo que fomentar\u00e1 su inclusi\u00f3n en sectores ben\u00e9ficos dentro de la sociedad y en la toma de decisiones de nuestro Estado\u201d.<\/p>\n<p>En el mismo tenor, Ceballos Hern\u00e1ndez ratific\u00f3 su apoyo a la juventud michoacana, \u201cseguiremos trabajando en la implementaci\u00f3n de nuevas leyes, as\u00ed como en la elaboraci\u00f3n de reformas a las ya existentes, fomentando con ello un mayor inter\u00e9s y participaci\u00f3n activa dentro de la sociedad y con ello, responder las demandas y necesidades de los j\u00f3venes michoacanos\u201d.<\/p>\n<p>&nbsp;<\/p>\n","protected":false},"excerpt":{"rendered":"<p>\u201cCon la aprobaci\u00f3n del dictamen del Parlamento Juvenil Michoacano, ya es una acci\u00f3n concreta la implementaci\u00f3n de espacios que permitir\u00e1n la apertura de participaci\u00f3n de los j\u00f3venes michoacanos en la toma de decisiones del Estado\u201d, as\u00ed lo dio a conocer la diputada Gabriela Ceballos Hern\u00e1ndez, al ratificar que la pr\u00f3xima semana en sesi\u00f3n ante el Pleno, ser\u00e1 presentado el dictamen aprobado por las Comisiones dictaminadoras, para su votaci\u00f3n y aprobaci\u00f3n.<\/p>\n","protected":false},"author":1,"featured_media":0,"comment_status":"open","ping_status":"open","sticky":false,"template":"","format":"standard","meta":{"footnotes":""},"categories":[6,14,8],"tags":[],"class_list":["post-2050","post","type-post","status-publish","format-standard","hentry","category-congreso-del-estado","category-destacadas","category-grupo-parlamentario-del-pan"],"_links":{"self":[{"href":"https:\/\/radiowebmx.com\/nota\/wp-json\/wp\/v2\/posts\/2050","targetHints":{"allow":["GET"]}}],"collection":[{"href":"https:\/\/radiowebmx.com\/nota\/wp-json\/wp\/v2\/posts"}],"about":[{"href":"https:\/\/radiowebmx.com\/nota\/wp-json\/wp\/v2\/types\/post"}],"author":[{"embeddable":true,"href":"https:\/\/radiowebmx.com\/nota\/wp-json\/wp\/v2\/users\/1"}],"replies":[{"embeddable":true,"href":"https:\/\/radiowebmx.com\/nota\/wp-json\/wp\/v2\/comments?post=2050"}],"version-history":[{"count":2,"href":"https:\/\/radiowebmx.com\/nota\/wp-json\/wp\/v2\/posts\/2050\/revisions"}],"predecessor-version":[{"id":2053,"href":"https:\/\/radiowebmx.com\/nota\/wp-json\/wp\/v2\/posts\/2050\/revisions\/2053"}],"wp:attachment":[{"href":"https:\/\/radiowebmx.com\/nota\/wp-json\/wp\/v2\/media?parent=2050"}],"wp:term":[{"taxonomy":"category","embeddable":true,"href":"https:\/\/radiowebmx.com\/nota\/wp-json\/wp\/v2\/categories?post=2050"},{"taxonomy":"post_tag","embeddable":true,"href":"https:\/\/radiowebmx.com\/nota\/wp-json\/wp\/v2\/tags?post=2050"}],"curies":[{"name":"wp","href":"https:\/\/api.w.org\/{rel}","templated":true}]}}