{"id":2046,"date":"2013-04-03T12:49:42","date_gmt":"2013-04-03T18:49:42","guid":{"rendered":"https:\/\/radiowebmx.com\/nota\/?p=2046"},"modified":"2013-04-03T12:49:42","modified_gmt":"2013-04-03T18:49:42","slug":"supervisa-paty-mora-obra-de-construccion-del-crit-teleton","status":"publish","type":"post","link":"https:\/\/radiowebmx.com\/nota\/supervisa-paty-mora-obra-de-construccion-del-crit-teleton\/","title":{"rendered":"SUPERVISA PATY MORA OBRA DE CONSTRUCCI\u00d3N DEL CRIT TELET\u00d3N"},"content":{"rendered":"<p><strong><a href=\"https:\/\/radiowebmx.com\/nota\/wp-content\/uploads\/2013\/04\/DSC_3564.jpg\"><img loading=\"lazy\" decoding=\"async\" class=\"alignnone size-full wp-image-2047\" title=\"DSC_3564\" src=\"https:\/\/radiowebmx.com\/nota\/wp-content\/uploads\/2013\/04\/DSC_3564.jpg\" alt=\"\" width=\"591\" height=\"315\" \/><\/a>La se\u00f1ora Patricia Mora de Vallejo, presidenta del Sistema DIF Michoac\u00e1n, realiz\u00f3 un recorrido por el terreno donde se construyen las instalaciones del nuevo Centro de Rehabilitaci\u00f3n Infantil Telet\u00f3n<\/strong> (<strong>CRIT) y que de acuerdo a lo previsto, estar\u00e1 totalmente edificado para el mes de noviembre de este 2013 y podr\u00eda funcionar a partir del mes de enero del pr\u00f3ximo a\u00f1o.<\/strong><\/p>\n<p><strong>Patricia Mora agradeci\u00f3 nuevamente la generosidad de los mexicano<\/strong>s y michoacanos <strong>que donaron para hacer realidad este centro que<\/strong> <strong>tendr\u00e1 un costo de poco m\u00e1s de 200 millones de pesos y una capacidad de atender a m\u00e1s de mil ni\u00f1os <\/strong>que requieren atenci\u00f3n especializada por alguna discapacidad neuro-m\u00fasculo- esquel\u00e9tica, y en especial a menores con par\u00e1lisis cerebral.<\/p>\n<p>En presencia del secretario de Salud, Rafael D\u00edaz Rodr\u00edguez; del Coordinador General de Comunicaci\u00f3n Social, Julio Hern\u00e1ndez Granados; de la directora del Sistema de Radio y Televisi\u00f3n, Guadalupe Santacruz Esquivel, as\u00ed como de los integrantes del Patronato del Sistema DIF, Mora de Vallejo reconoci\u00f3 que este Centro \u201ces un logro de todos los michoacanos, yo creo que la participaci\u00f3n, el entusiasmo y el compromiso de los ciudadanos fue primordial para que esto se llevara a cabo, nosotros s\u00f3lo fuimos gestores\u201d.<\/p>\n<p>Tambi\u00e9n destac\u00f3 que una de las premisas del CRIT es tomar en cuenta a las familias de los menores para hacer m\u00e1s eficaz la rehabilitaci\u00f3n, por lo que se trabajar\u00e1 en colaboraci\u00f3n con sus familiares y\/o tutores, adem\u00e1s de que habr\u00e1 \u00e1reas de atenci\u00f3n especiales para ellos.<\/p>\n<p>El CRIT constar\u00e1 de 27 mil metros cuadrados de construcci\u00f3n y estar\u00e1 ubicado sobre un \u00e1rea de 37 mil metros cuadrados, en el resto de la superficie habr\u00e1 multicanchas, \u00e1reas verdes y estacionamiento, as\u00ed como \u00e1reas de recreaci\u00f3n al aire libre.<\/p>\n<p>De acuerdo a la secretaria t\u00e9cnica del DIF estatal, Andrea Yolanda Neri Castellanos, el Centro contar\u00e1 con consultorios de rehabilitaci\u00f3n que tendr\u00e1n la tecnolog\u00eda m\u00e1s moderna, \u00e1rea de psicolog\u00eda, trabajo social, \u00e1rea administrativa y recreaci\u00f3n. Adem\u00e1s precis\u00f3 que la arquitectura y el dise\u00f1o, por ejemplo, los colores y la decoraci\u00f3n, est\u00e1n proyectados para que aporten mayor beneficio a las terapias.<\/p>\n<p>Sobre las inscripciones, los ni\u00f1os con distrofia tienen prioridad, pero est\u00e1n abiertas a los menores con otras discapacidades neuro-m\u00fasculo- esquel\u00e9ticas, y ser\u00e1n posteriores a la inauguraci\u00f3n del centro; estas inscripciones se realizar\u00e1n v\u00eda telef\u00f3nica, pero en su momento se publicar\u00e1n los medios por los que habr\u00e1n de recibirse las solicitudes para que accedan los menores de 18 a\u00f1os.<\/p>\n<p>Finalmente, dijo que el personal a contratarse para la atenci\u00f3n de los ni\u00f1os y adolescentes, ser\u00e1n michoacanos, ya que son 100 empleos directos los que se generar\u00e1n con la operaci\u00f3n del CRIT; mientras que para la construcci\u00f3n son alrededor de 500 fuentes de trabajo las que se crean.<\/p>\n<p>&nbsp;<\/p>\n<p>&nbsp;<\/p>\n","protected":false},"excerpt":{"rendered":"<p>La se\u00f1ora Patricia Mora de Vallejo, presidenta del Sistema DIF Michoac\u00e1n, realiz\u00f3 un recorrido por el terreno donde se construyen las instalaciones del nuevo Centro de Rehabilitaci\u00f3n Infantil Telet\u00f3n (CRIT) y que de acuerdo a lo previsto, estar\u00e1 totalmente edificado para el mes de noviembre de este 2013 y podr\u00eda funcionar a partir del mes de enero del pr\u00f3ximo a\u00f1o<\/p>\n","protected":false},"author":1,"featured_media":0,"comment_status":"open","ping_status":"open","sticky":false,"template":"","format":"standard","meta":{"footnotes":""},"categories":[14,3],"tags":[],"class_list":["post-2046","post","type-post","status-publish","format-standard","hentry","category-destacadas","category-gobierno-del-estado-de-michoacan"],"_links":{"self":[{"href":"https:\/\/radiowebmx.com\/nota\/wp-json\/wp\/v2\/posts\/2046","targetHints":{"allow":["GET"]}}],"collection":[{"href":"https:\/\/radiowebmx.com\/nota\/wp-json\/wp\/v2\/posts"}],"about":[{"href":"https:\/\/radiowebmx.com\/nota\/wp-json\/wp\/v2\/types\/post"}],"author":[{"embeddable":true,"href":"https:\/\/radiowebmx.com\/nota\/wp-json\/wp\/v2\/users\/1"}],"replies":[{"embeddable":true,"href":"https:\/\/radiowebmx.com\/nota\/wp-json\/wp\/v2\/comments?post=2046"}],"version-history":[{"count":2,"href":"https:\/\/radiowebmx.com\/nota\/wp-json\/wp\/v2\/posts\/2046\/revisions"}],"predecessor-version":[{"id":2049,"href":"https:\/\/radiowebmx.com\/nota\/wp-json\/wp\/v2\/posts\/2046\/revisions\/2049"}],"wp:attachment":[{"href":"https:\/\/radiowebmx.com\/nota\/wp-json\/wp\/v2\/media?parent=2046"}],"wp:term":[{"taxonomy":"category","embeddable":true,"href":"https:\/\/radiowebmx.com\/nota\/wp-json\/wp\/v2\/categories?post=2046"},{"taxonomy":"post_tag","embeddable":true,"href":"https:\/\/radiowebmx.com\/nota\/wp-json\/wp\/v2\/tags?post=2046"}],"curies":[{"name":"wp","href":"https:\/\/api.w.org\/{rel}","templated":true}]}}