{"id":20458,"date":"2015-12-21T13:48:31","date_gmt":"2015-12-21T19:48:31","guid":{"rendered":"https:\/\/radiowebmx.com\/nota\/?p=20458"},"modified":"2015-12-21T13:48:31","modified_gmt":"2015-12-21T19:48:31","slug":"eventos-culturales-en-el-centro-historico-reunen-a-cientos-de-morelianos-cada-fin-de-semana","status":"publish","type":"post","link":"https:\/\/radiowebmx.com\/nota\/eventos-culturales-en-el-centro-historico-reunen-a-cientos-de-morelianos-cada-fin-de-semana\/","title":{"rendered":"Eventos culturales en el Centro Hist\u00f3rico re\u00fanen a cientos de morelianos cada fin de semana"},"content":{"rendered":"<p><a href=\"https:\/\/radiowebmx.com\/nota\/wp-content\/uploads\/2015\/12\/3f464c9f-8058-418c-8af7-77159c6a5a37.jpg\"><img loading=\"lazy\" decoding=\"async\" class=\"alignleft size-full wp-image-20459\" src=\"https:\/\/radiowebmx.com\/nota\/wp-content\/uploads\/2015\/12\/3f464c9f-8058-418c-8af7-77159c6a5a37.jpg\" alt=\"3f464c9f-8058-418c-8af7-77159c6a5a37\" width=\"591\" height=\"404\" srcset=\"https:\/\/radiowebmx.com\/nota\/wp-content\/uploads\/2015\/12\/3f464c9f-8058-418c-8af7-77159c6a5a37.jpg 591w, https:\/\/radiowebmx.com\/nota\/wp-content\/uploads\/2015\/12\/3f464c9f-8058-418c-8af7-77159c6a5a37-300x205.jpg 300w\" sizes=\"auto, (max-width: 591px) 100vw, 591px\" \/><\/a>Con gran respuesta de los morelianos, se llev\u00f3 a cabo en el andador Hidalgo el programa Morelia Te baja la luna y las estrellas, en donde chicos y grandes pudieron disfrutar de la astronom\u00eda a trav\u00e9s de 16 potentes lentes de telescopios que fueron prestados por gente especialista en esta materia.<\/p>\n<p>El Ayuntamiento de Morelia lleva a cabo este tipo de eventos en aras de fortalecer la convivencia familiar y tener un abanico de opciones que disfrutar dentro del Primer Cuadro de la Ciudad como lo fue este programa y que seguir\u00e1 impulsando en diferentes propuestas que atraigan y gusten a los morelianos.<\/p>\n<p>Por su parte, la secretaria de Turismo, Thelma Aquique mencion\u00f3 sentirse muy satisfecha con la respuesta de los morelianos ya que han mostrado un gran inter\u00e9s en que exista variedad de eventos culturales, art\u00edsticos y cient\u00edficos.<\/p>\n<p>Es importante destacar que tambi\u00e9n se llevaron eventos culturales en la Calzada Fray Antonio de San Miguel en donde de igual manera la respuesta de los morelianos fue satisfactoria, ya que se ha tenido un promedio de m\u00e1s de 130 asistentes por d\u00eda.<\/p>\n<p>Con ello, el Ayuntamiento que encabeza el Alcalde, Alfonso Mart\u00ednez Alc\u00e1zar, mantiene una atractiva oferta de eventos para cada fin de semana, con lo cual, cientos de personas pueden disfrutar en familia y admirar la belleza del Centro Hist\u00f3rico.<\/p>\n","protected":false},"excerpt":{"rendered":"<p>Con gran respuesta de los morelianos, se llev\u00f3 a cabo en el andador Hidalgo el programa Morelia Te baja la luna y las estrellas, <\/p>\n","protected":false},"author":1,"featured_media":20459,"comment_status":"open","ping_status":"open","sticky":false,"template":"","format":"standard","meta":{"footnotes":""},"categories":[14,9],"tags":[],"class_list":["post-20458","post","type-post","status-publish","format-standard","has-post-thumbnail","hentry","category-destacadas","category-morelia"],"_links":{"self":[{"href":"https:\/\/radiowebmx.com\/nota\/wp-json\/wp\/v2\/posts\/20458","targetHints":{"allow":["GET"]}}],"collection":[{"href":"https:\/\/radiowebmx.com\/nota\/wp-json\/wp\/v2\/posts"}],"about":[{"href":"https:\/\/radiowebmx.com\/nota\/wp-json\/wp\/v2\/types\/post"}],"author":[{"embeddable":true,"href":"https:\/\/radiowebmx.com\/nota\/wp-json\/wp\/v2\/users\/1"}],"replies":[{"embeddable":true,"href":"https:\/\/radiowebmx.com\/nota\/wp-json\/wp\/v2\/comments?post=20458"}],"version-history":[{"count":1,"href":"https:\/\/radiowebmx.com\/nota\/wp-json\/wp\/v2\/posts\/20458\/revisions"}],"predecessor-version":[{"id":20460,"href":"https:\/\/radiowebmx.com\/nota\/wp-json\/wp\/v2\/posts\/20458\/revisions\/20460"}],"wp:featuredmedia":[{"embeddable":true,"href":"https:\/\/radiowebmx.com\/nota\/wp-json\/wp\/v2\/media\/20459"}],"wp:attachment":[{"href":"https:\/\/radiowebmx.com\/nota\/wp-json\/wp\/v2\/media?parent=20458"}],"wp:term":[{"taxonomy":"category","embeddable":true,"href":"https:\/\/radiowebmx.com\/nota\/wp-json\/wp\/v2\/categories?post=20458"},{"taxonomy":"post_tag","embeddable":true,"href":"https:\/\/radiowebmx.com\/nota\/wp-json\/wp\/v2\/tags?post=20458"}],"curies":[{"name":"wp","href":"https:\/\/api.w.org\/{rel}","templated":true}]}}