{"id":20455,"date":"2015-12-21T13:45:25","date_gmt":"2015-12-21T19:45:25","guid":{"rendered":"https:\/\/radiowebmx.com\/nota\/?p=20455"},"modified":"2015-12-21T13:45:25","modified_gmt":"2015-12-21T19:45:25","slug":"ayuntamiento-de-morelia-refrenda-su-compromiso-con-al-arte-y-la-cultura","status":"publish","type":"post","link":"https:\/\/radiowebmx.com\/nota\/ayuntamiento-de-morelia-refrenda-su-compromiso-con-al-arte-y-la-cultura\/","title":{"rendered":"Ayuntamiento de  Morelia refrenda su compromiso con al arte y la cultura"},"content":{"rendered":"<p><a href=\"https:\/\/radiowebmx.com\/nota\/wp-content\/uploads\/2015\/12\/ec7821ed-9dd5-4e5d-a04c-b2496305f77f.jpg\"><img loading=\"lazy\" decoding=\"async\" class=\"alignleft size-full wp-image-20456\" src=\"https:\/\/radiowebmx.com\/nota\/wp-content\/uploads\/2015\/12\/ec7821ed-9dd5-4e5d-a04c-b2496305f77f.jpg\" alt=\"ec7821ed-9dd5-4e5d-a04c-b2496305f77f\" width=\"591\" height=\"341\" srcset=\"https:\/\/radiowebmx.com\/nota\/wp-content\/uploads\/2015\/12\/ec7821ed-9dd5-4e5d-a04c-b2496305f77f.jpg 591w, https:\/\/radiowebmx.com\/nota\/wp-content\/uploads\/2015\/12\/ec7821ed-9dd5-4e5d-a04c-b2496305f77f-300x173.jpg 300w\" sizes=\"auto, (max-width: 591px) 100vw, 591px\" \/><\/a>El Ayuntamiento de Morelia que encabeza el Presidente Municipal, Alfonso Mart\u00ednez Alc\u00e1zar, refrenda su compromiso con el arte y la cultura, al promover espacios en donde el talento de los michoacanos sea admirado por la ciudadan\u00eda.<\/p>\n<p>La tarde de este s\u00e1bado, \u00a0el director de Turismo del municipio, \u00a0Paulo Torres asisti\u00f3 a la inauguraci\u00f3n \u00a0de \u00a0la exposici\u00f3n \u201cIm\u00e1genes de Michoac\u00e1n\u201d \u00a0del artista Marco Antonio Alonso Malag\u00f3n, que estar\u00e1 \u00a0expuesta todo un mes \u00a0en el Centro Cultural \u201cEl 100\u201d.<\/p>\n<p>El oriundo de Maravat\u00edo, Michoac\u00e1n expuso este fin de semana su obra fotogr\u00e1fica compuesta por 31 im\u00e1genes con diferentes t\u00e9cnicas fotocrom\u00e1ticas, que principalmente presentan los paisajes m\u00e1s bellos del Estado y su capital.<\/p>\n<p>Paulo Torres subray\u00f3 que Morelia con su car\u00e1cter cultural y art\u00edstico, se suma al impulso de este tipo de iniciativas en donde se promueve el talento de los michoacanos y se abren espacios para que la ciudadan\u00eda conozca su obra.<\/p>\n<p>Posteriormente al evento, \u00a0el Director de Turismo presenci\u00f3 el Programa Especial Conmemorativo del Bicentenario Luctuoso de Don Jos\u00e9 Mar\u00eda Morelos y Pav\u00f3n, que en conjunto con el Congreso del Estado, el Poder Ejecutivo del Estado realizaron varios eventos art\u00edsticos culturales.<\/p>\n<p>La participaci\u00f3n del Ayuntamiento consisti\u00f3 en brindar \u00a0 el apoyo y facilidades para que \u00a0 el concierto de la Orquesta Sinf\u00f3nica de Michoac\u00e1n, el Octeto de la Universidad Michoacana de San Nicol\u00e1s de Hidalgo \u00a0y el coro de la Inmaculada fungieran como la parte musical del encendido especial \u00a0de Catedral.<\/p>\n<p>Previamente se cont\u00f3 con la participaci\u00f3n de las Bandas de Guerra de la XXI Zona Militar alternando con la de la Universidad Michoacana, cartelera cultural que inicio desde las 19 horas de este s\u00e1bado y reuni\u00f3 a miles de asistentes a los pies de la iglesia m\u00e1s emblem\u00e1tica de Morelia.<\/p>\n","protected":false},"excerpt":{"rendered":"<p>El Ayuntamiento de Morelia que encabeza el Presidente Municipal, Alfonso Mart\u00ednez Alc\u00e1zar, refrenda su compromiso con el arte y la cultura, al promover espacios en donde el talento de los michoacanos sea admirado por la ciudadan\u00eda.<\/p>\n","protected":false},"author":1,"featured_media":20456,"comment_status":"open","ping_status":"open","sticky":false,"template":"","format":"standard","meta":{"footnotes":""},"categories":[14,9],"tags":[],"class_list":["post-20455","post","type-post","status-publish","format-standard","has-post-thumbnail","hentry","category-destacadas","category-morelia"],"_links":{"self":[{"href":"https:\/\/radiowebmx.com\/nota\/wp-json\/wp\/v2\/posts\/20455","targetHints":{"allow":["GET"]}}],"collection":[{"href":"https:\/\/radiowebmx.com\/nota\/wp-json\/wp\/v2\/posts"}],"about":[{"href":"https:\/\/radiowebmx.com\/nota\/wp-json\/wp\/v2\/types\/post"}],"author":[{"embeddable":true,"href":"https:\/\/radiowebmx.com\/nota\/wp-json\/wp\/v2\/users\/1"}],"replies":[{"embeddable":true,"href":"https:\/\/radiowebmx.com\/nota\/wp-json\/wp\/v2\/comments?post=20455"}],"version-history":[{"count":1,"href":"https:\/\/radiowebmx.com\/nota\/wp-json\/wp\/v2\/posts\/20455\/revisions"}],"predecessor-version":[{"id":20457,"href":"https:\/\/radiowebmx.com\/nota\/wp-json\/wp\/v2\/posts\/20455\/revisions\/20457"}],"wp:featuredmedia":[{"embeddable":true,"href":"https:\/\/radiowebmx.com\/nota\/wp-json\/wp\/v2\/media\/20456"}],"wp:attachment":[{"href":"https:\/\/radiowebmx.com\/nota\/wp-json\/wp\/v2\/media?parent=20455"}],"wp:term":[{"taxonomy":"category","embeddable":true,"href":"https:\/\/radiowebmx.com\/nota\/wp-json\/wp\/v2\/categories?post=20455"},{"taxonomy":"post_tag","embeddable":true,"href":"https:\/\/radiowebmx.com\/nota\/wp-json\/wp\/v2\/tags?post=20455"}],"curies":[{"name":"wp","href":"https:\/\/api.w.org\/{rel}","templated":true}]}}