{"id":20452,"date":"2015-12-21T13:19:25","date_gmt":"2015-12-21T19:19:25","guid":{"rendered":"https:\/\/radiowebmx.com\/nota\/?p=20452"},"modified":"2015-12-21T13:19:25","modified_gmt":"2015-12-21T19:19:25","slug":"ayuntamiento-de-morelia-reforzara-operativos-para-impedir-venta-de-mascotas-en-la-via-publica","status":"publish","type":"post","link":"https:\/\/radiowebmx.com\/nota\/ayuntamiento-de-morelia-reforzara-operativos-para-impedir-venta-de-mascotas-en-la-via-publica\/","title":{"rendered":"Ayuntamiento de Morelia reforzar\u00e1 operativos para impedir venta de mascotas en la v\u00eda p\u00fablica"},"content":{"rendered":"<p>El Ayuntamiento de Morelia reforzar\u00e1 sus operativos \u00a0enfocados a \u00a0inhibir la venta de mascotas en la v\u00eda p\u00fablica, labor que realizar\u00e1n en conjunto cuatro dependencias municipales tales como la Direcci\u00f3n General de Seguridad Ciudadana, la Direcci\u00f3n de Servicios Auxiliares, la Direcci\u00f3n de Mercados y Comercio en la V\u00eda P\u00fablica e Inspecci\u00f3n y Vigilancia, dichas acciones iniciar\u00e1 \u00a0a partir de este pr\u00f3ximo domingo 20 de diciembre hasta el pr\u00f3ximo 6 de enero del 2016.<\/p>\n<p>La Secretar\u00eda de Servicios P\u00fablicos Municipales a trav\u00e9s de la Direcci\u00f3n de Servicios Auxiliares a cargo de Gerardo Garc\u00eda Vallejo inform\u00f3 que tanto el reglamento del Centro de Atenci\u00f3n Canina y el de Mercados, proh\u00edbe la venta de caninos y felinos en la calle, as\u00ed como brinda la atribuci\u00f3n a la \u00faltima dependencia a decomisar a las mascotas.<\/p>\n<p>La participaci\u00f3n de la Direcci\u00f3n General de Seguridad Ciudadana ser\u00e1 para focalizar el operativo a la prevenci\u00f3n, y que la venta de caninos o felinos se vaya erradicando sin dejar de lado la concientizaci\u00f3n de la ciudadan\u00eda.<\/p>\n<p>Garc\u00eda Vallejo determin\u00f3 que el esfuerzo en conjunto de las dependencias de la actual Administraci\u00f3n P\u00fablica de la capital michoacana, persigue el fin disminuir hasta desaparecer \u00a0 la venta de cachorros en la v\u00eda p\u00fablica.<\/p>\n<p>Dichas acciones en operativos de fin de semana pretenden eliminar los puntos de venta ilegales para las mascotas, y que no dan seguridad alguna al ciudadano de que los perros y gatos que se adquieren tienen sus vacunas o est\u00e9n sanos.<\/p>\n<p>Cabe recordar que el Ayuntamiento de Morelia tiene el firme compromiso de reforzar las acciones para mejorar la atenci\u00f3n a la vida animal, para que su alcance \u00a0no s\u00f3lo se quede en el \u00e1mbito de control, aunque es necesario que estas labores vayan de la mano con la conciencia ciudadana que los perros y gatos no son juguetes, sino seres vivos.<\/p>\n<p>Gerardo Garc\u00eda consider\u00f3 que se debe difundir que en ninguna parte de Morelia est\u00e1 permitido \u00a0la vente de perros y gatos en la v\u00eda p\u00fablica y que la gente genere esa corresponsabilidad para quienes se convierten en los compa\u00f1eros de vida, porque muchas ocasiones estas compras se convierten en abandono de caninos y felinos en situaci\u00f3n de calle.<\/p>\n","protected":false},"excerpt":{"rendered":"<p>El Ayuntamiento de Morelia reforzar\u00e1 sus operativos  enfocados a  inhibir la venta de mascotas en la v\u00eda p\u00fablica, labor que realizar\u00e1n en conjunto cuatro dependencias municipales tales como la Direcci\u00f3n General de Seguridad Ciudadana, <\/p>\n","protected":false},"author":1,"featured_media":20453,"comment_status":"open","ping_status":"open","sticky":false,"template":"","format":"standard","meta":{"footnotes":""},"categories":[14,9],"tags":[],"class_list":["post-20452","post","type-post","status-publish","format-standard","has-post-thumbnail","hentry","category-destacadas","category-morelia"],"_links":{"self":[{"href":"https:\/\/radiowebmx.com\/nota\/wp-json\/wp\/v2\/posts\/20452","targetHints":{"allow":["GET"]}}],"collection":[{"href":"https:\/\/radiowebmx.com\/nota\/wp-json\/wp\/v2\/posts"}],"about":[{"href":"https:\/\/radiowebmx.com\/nota\/wp-json\/wp\/v2\/types\/post"}],"author":[{"embeddable":true,"href":"https:\/\/radiowebmx.com\/nota\/wp-json\/wp\/v2\/users\/1"}],"replies":[{"embeddable":true,"href":"https:\/\/radiowebmx.com\/nota\/wp-json\/wp\/v2\/comments?post=20452"}],"version-history":[{"count":1,"href":"https:\/\/radiowebmx.com\/nota\/wp-json\/wp\/v2\/posts\/20452\/revisions"}],"predecessor-version":[{"id":20454,"href":"https:\/\/radiowebmx.com\/nota\/wp-json\/wp\/v2\/posts\/20452\/revisions\/20454"}],"wp:featuredmedia":[{"embeddable":true,"href":"https:\/\/radiowebmx.com\/nota\/wp-json\/wp\/v2\/media\/20453"}],"wp:attachment":[{"href":"https:\/\/radiowebmx.com\/nota\/wp-json\/wp\/v2\/media?parent=20452"}],"wp:term":[{"taxonomy":"category","embeddable":true,"href":"https:\/\/radiowebmx.com\/nota\/wp-json\/wp\/v2\/categories?post=20452"},{"taxonomy":"post_tag","embeddable":true,"href":"https:\/\/radiowebmx.com\/nota\/wp-json\/wp\/v2\/tags?post=20452"}],"curies":[{"name":"wp","href":"https:\/\/api.w.org\/{rel}","templated":true}]}}