{"id":20446,"date":"2015-12-21T13:07:47","date_gmt":"2015-12-21T19:07:47","guid":{"rendered":"https:\/\/radiowebmx.com\/nota\/?p=20446"},"modified":"2015-12-21T13:07:47","modified_gmt":"2015-12-21T19:07:47","slug":"inicia-la-feria-del-molcajete-en-san-nicolas-obispo","status":"publish","type":"post","link":"https:\/\/radiowebmx.com\/nota\/inicia-la-feria-del-molcajete-en-san-nicolas-obispo\/","title":{"rendered":"Inicia la Feria del Molcajete en San Nicol\u00e1s Obispo"},"content":{"rendered":"<p><a href=\"https:\/\/radiowebmx.com\/nota\/wp-content\/uploads\/2015\/12\/0ced53f3-8c11-4cad-aa39-6cefa9352322.jpg\"><img loading=\"lazy\" decoding=\"async\" class=\"alignleft size-full wp-image-20447\" src=\"https:\/\/radiowebmx.com\/nota\/wp-content\/uploads\/2015\/12\/0ced53f3-8c11-4cad-aa39-6cefa9352322.jpg\" alt=\"0ced53f3-8c11-4cad-aa39-6cefa9352322\" width=\"591\" height=\"320\" srcset=\"https:\/\/radiowebmx.com\/nota\/wp-content\/uploads\/2015\/12\/0ced53f3-8c11-4cad-aa39-6cefa9352322.jpg 591w, https:\/\/radiowebmx.com\/nota\/wp-content\/uploads\/2015\/12\/0ced53f3-8c11-4cad-aa39-6cefa9352322-300x162.jpg 300w\" sizes=\"auto, (max-width: 591px) 100vw, 591px\" \/><\/a>Con el objetivo de desarrollar la econom\u00eda local de San Nicol\u00e1s Obispo, as\u00ed como apoyar a los artesanos de esta tenencia con la elaboraci\u00f3n del tradicional molcajete, el Presidente Municipal Alfonso Mart\u00ednez Alc\u00e1zar inaugur\u00f3 la tarde de este viernes la primera Feria del Molcajete y el Metate, la cual cuenta con la participaci\u00f3n\u00a0 de 80 artesanos quienes expondr\u00e1n sus piezas hasta el pr\u00f3ximo domingo 20 de diciembre.<\/p>\n<p>Durante el acto inaugural, el Alcalde subray\u00f3 que una de las prioridades de su actual administraci\u00f3n es la de detonar las maravillas tur\u00edsticas, artesanales y gastron\u00f3micas que ofrecen las 12 tenencias que conforman al municipio, esto con la finalidad de apoyar el desarrollo y el bienestar de todas las familias.<\/p>\n<p>Asimismo, Mart\u00ednez Alc\u00e1zar destac\u00f3 que este tipo de acciones se convierten en un escaparate para que los artesanos, en este caso de San Nicol\u00e1s Obispo, puedan mostrar la belleza que producen con sus manos; cabe mencionar que la gastronom\u00eda michoacana es considerada Patrimonio Inmaterial de la Humanidad y el molcajete forma parte esencial para la elaboraci\u00f3n de sus salsas.<\/p>\n<p>&#8220;Cada pieza es hecha con mucho entusiasmo, mucha pasi\u00f3n, con mucho trabajo; con el sudor de su frente, los artesanos se ganan cada peso ya que en cada cincelazo que imprimen en cada uno de estos artefactos, dejan\u00a0 una parte de su esp\u00edritu y de su esencia\u201d.<\/p>\n<p>Ante la secretaria de Turismo, Thelma Aquique Arrieta, el jefe de tenencia de San Nicol\u00e1s Obispo, Luciano Mart\u00ednez Mart\u00ednez, el Delegado del Instituto Nacional de Antropolog\u00eda e Historia (INAH); Carlos R\u00edo Valencia en representaci\u00f3n del Gobierno del estado y funcionarios municipales, Alfonso Mart\u00ednez invit\u00f3 a todos los morelianos para que vengan y aprovechen este fin de semana para visitar la tenencia de San Nicol\u00e1s Obispo y puedan degustar de los diferentes platillos que se estar\u00e1 preparando.<\/p>\n<p>Finalmente, dijo que desde el Ayuntamiento se va a propiciar por medio de la Secretar\u00eda de Desarrollo Econ\u00f3mico, que no falte un molcajete en las mesas de las familias y as\u00ed contribuir al desarrollo econ\u00f3mico de esta tenencia de Morelia.<\/p>\n","protected":false},"excerpt":{"rendered":"<p>Con el objetivo de desarrollar la econom\u00eda local de San Nicol\u00e1s Obispo, as\u00ed como apoyar a los artesanos de esta tenencia con la elaboraci\u00f3n del tradicional molcajete,<\/p>\n","protected":false},"author":1,"featured_media":20447,"comment_status":"open","ping_status":"open","sticky":false,"template":"","format":"standard","meta":{"footnotes":""},"categories":[14,9],"tags":[],"class_list":["post-20446","post","type-post","status-publish","format-standard","has-post-thumbnail","hentry","category-destacadas","category-morelia"],"_links":{"self":[{"href":"https:\/\/radiowebmx.com\/nota\/wp-json\/wp\/v2\/posts\/20446","targetHints":{"allow":["GET"]}}],"collection":[{"href":"https:\/\/radiowebmx.com\/nota\/wp-json\/wp\/v2\/posts"}],"about":[{"href":"https:\/\/radiowebmx.com\/nota\/wp-json\/wp\/v2\/types\/post"}],"author":[{"embeddable":true,"href":"https:\/\/radiowebmx.com\/nota\/wp-json\/wp\/v2\/users\/1"}],"replies":[{"embeddable":true,"href":"https:\/\/radiowebmx.com\/nota\/wp-json\/wp\/v2\/comments?post=20446"}],"version-history":[{"count":1,"href":"https:\/\/radiowebmx.com\/nota\/wp-json\/wp\/v2\/posts\/20446\/revisions"}],"predecessor-version":[{"id":20448,"href":"https:\/\/radiowebmx.com\/nota\/wp-json\/wp\/v2\/posts\/20446\/revisions\/20448"}],"wp:featuredmedia":[{"embeddable":true,"href":"https:\/\/radiowebmx.com\/nota\/wp-json\/wp\/v2\/media\/20447"}],"wp:attachment":[{"href":"https:\/\/radiowebmx.com\/nota\/wp-json\/wp\/v2\/media?parent=20446"}],"wp:term":[{"taxonomy":"category","embeddable":true,"href":"https:\/\/radiowebmx.com\/nota\/wp-json\/wp\/v2\/categories?post=20446"},{"taxonomy":"post_tag","embeddable":true,"href":"https:\/\/radiowebmx.com\/nota\/wp-json\/wp\/v2\/tags?post=20446"}],"curies":[{"name":"wp","href":"https:\/\/api.w.org\/{rel}","templated":true}]}}