{"id":20439,"date":"2015-12-21T12:42:44","date_gmt":"2015-12-21T18:42:44","guid":{"rendered":"https:\/\/radiowebmx.com\/nota\/?p=20439"},"modified":"2015-12-21T12:42:44","modified_gmt":"2015-12-21T18:42:44","slug":"llama-alcalde-alfonso-martinez-a-apoyar-el-comercio-local-durante-las-compras-navidenas","status":"publish","type":"post","link":"https:\/\/radiowebmx.com\/nota\/llama-alcalde-alfonso-martinez-a-apoyar-el-comercio-local-durante-las-compras-navidenas\/","title":{"rendered":"Llama Alcalde Alfonso Mart\u00ednez a apoyar el comercio local durante las compras navide\u00f1as"},"content":{"rendered":"<p><a href=\"https:\/\/radiowebmx.com\/nota\/wp-content\/uploads\/2015\/12\/c5826af1-a046-4b50-8d1e-c0f8ab91a3701.jpg\"><img loading=\"lazy\" decoding=\"async\" class=\"alignleft size-full wp-image-20441\" src=\"https:\/\/radiowebmx.com\/nota\/wp-content\/uploads\/2015\/12\/c5826af1-a046-4b50-8d1e-c0f8ab91a3701.jpg\" alt=\"c5826af1-a046-4b50-8d1e-c0f8ab91a370\" width=\"591\" height=\"325\" srcset=\"https:\/\/radiowebmx.com\/nota\/wp-content\/uploads\/2015\/12\/c5826af1-a046-4b50-8d1e-c0f8ab91a3701.jpg 591w, https:\/\/radiowebmx.com\/nota\/wp-content\/uploads\/2015\/12\/c5826af1-a046-4b50-8d1e-c0f8ab91a3701-300x165.jpg 300w\" sizes=\"auto, (max-width: 591px) 100vw, 591px\" \/><\/a>A fortalecer la econom\u00eda local consumiendo productos\u00a0 ofertados por comercios y micro empresas morelianas, llam\u00f3\u00a0 a la ciudadan\u00eda el Presidente Municipal, Alfonso Mart\u00ednez Alcaz\u00e1r al inaugurar este viernes el primer Bazar Navide\u00f1o \u201cHaz Barrio\u201d 2015, que se celebrar\u00e1 hasta el pr\u00f3ximo domingo 20 de diciembre en los jardines del Orquidario del Centro de Convenciones de Morelia.<\/p>\n<p>Acompa\u00f1ado por la Presidenta Honoraria del DIF, Paola Delgadillo, el Alcalde invit\u00f3 a la ciudadan\u00eda a incrementar la econom\u00eda local, fortaleciendo la cultura del consumo en comercios morelianos, en tienditas de las colonias y calles de la ciudad.<\/p>\n<p>Al hacer una reflexi\u00f3n, Mart\u00ednez Alc\u00e1zar expuso que en una econom\u00eda local como la de Morelia, se tienen que guardar un equilibrio de tal forma que el trabajo es crear una sinergia en donde lo que ingrese al municipio, hablando de dinero, tiene que ser mayor a lo que egresa.<\/p>\n<p>\u201cDurante algunos a\u00f1os, dijo el Presidente municipal, \u00a0sucedi\u00f3 lo contrario, sal\u00eda m\u00e1s de lo que ingresaba y eso decrece la econom\u00eda \u00a0y se pierden empleos\u201d, agreg\u00f3 que si bien es cierto Morelia no puede cerrarse al desarrollo con la llegada de tiendas departamentales que tambi\u00e9n generan empleo,\u00a0 no se debe descuidar y privilegiar las adquisiciones locales.<\/p>\n<p>De ah\u00ed que exhort\u00f3 a la ciudadan\u00eda a visitar el Bazar Navide\u00f1o este viernes, s\u00e1bado y domingo a comprar los regalos de fin de a\u00f1o a la familia, amigos y compa\u00f1eros de trabajo, o adquirir a bajo costo paquetes de cenas conmemorativas a las fiestas de diciembre.<\/p>\n<p>Ser\u00e1n cerca de 100 expositores los que ofrecer\u00e1n descuentos atractivos y productos de alta calidad con dise\u00f1os en joyer\u00eda y adornos, as\u00ed como bebidas tradicionales y alimentos regionales.<\/p>\n<p>En el acto inaugural del Bazar Navide\u00f1o \u201cHaz Barrio\u201d la secretaria de Fomento Econ\u00f3mico, Ireri Rivera Garc\u00eda, celebr\u00f3 la confianza de los comerciantes por acercarse al Ayuntamiento para participar en este espacio comercial.<\/p>\n<p>Indic\u00f3 que Morelia tiene registradas 18 mil unidades econ\u00f3micas dedicadas al comercio, de las cuales 16 mil 500 est\u00e1n enfocadas en ventas al menudeo, quienes sostiene la econom\u00eda local y los empleos generados para los morelianos.<\/p>\n<p>Resalt\u00f3 la importancia de consumir en establecimientos locales, sobre todo dijo cuando el 39 por ciento de los mexicanos gastan su aguinaldo en compras navide\u00f1as.<\/p>\n<p>Por su parte el presidente de Comercios y Vecinos del Centro Hist\u00f3rico de Morelia (Covechi) y representante de la Campa\u00f1a \u201cHaz Barrio\u201d, Alfonso Guerrero Guadarrama, resalt\u00f3 que los esfuerzos ciudadanos sumados a los del gobierno siempre dar\u00e1n buenos resultados y uno de ellos dijo ha sido este programa de fomento al consumo y compras locales.<\/p>\n<p>Para este fin de a\u00f1o, invit\u00f3 a los consumidores a privilegiar sus compras por lo menos en un 50 por ciento en tiendas de barrio y mercados en sus colonias, de igual forma que las posadas sean surtidas en los establecimientos vecinales.<\/p>\n<p>A la inauguraci\u00f3n del Bazar Navide\u00f1o \u201cHaz Barrio\u201d 2015, asistieron el presidente de la Confederaci\u00f3n Patronal de la Rep\u00fablica Mexicana (Coparmex) Eduardo S\u00e1nchez Mart\u00ednez, el vicepresidente de CANACO Morelia, Juan Due\u00f1as y el secretario de Desarrollo Social, Guillermo Mar\u00edn.<\/p>\n","protected":false},"excerpt":{"rendered":"<p>A fortalecer la econom\u00eda local consumiendo productos  ofertados por comercios y micro empresas morelianas, llam\u00f3  a la ciudadan\u00eda el Presidente Municipal, Alfonso Mart\u00ednez Alcaz\u00e1r al inaugurar este viernes el primer Bazar Navide\u00f1o \u201cHaz Barrio\u201d 2015, <\/p>\n","protected":false},"author":1,"featured_media":20440,"comment_status":"open","ping_status":"open","sticky":false,"template":"","format":"standard","meta":{"footnotes":""},"categories":[14,9],"tags":[],"class_list":["post-20439","post","type-post","status-publish","format-standard","has-post-thumbnail","hentry","category-destacadas","category-morelia"],"_links":{"self":[{"href":"https:\/\/radiowebmx.com\/nota\/wp-json\/wp\/v2\/posts\/20439","targetHints":{"allow":["GET"]}}],"collection":[{"href":"https:\/\/radiowebmx.com\/nota\/wp-json\/wp\/v2\/posts"}],"about":[{"href":"https:\/\/radiowebmx.com\/nota\/wp-json\/wp\/v2\/types\/post"}],"author":[{"embeddable":true,"href":"https:\/\/radiowebmx.com\/nota\/wp-json\/wp\/v2\/users\/1"}],"replies":[{"embeddable":true,"href":"https:\/\/radiowebmx.com\/nota\/wp-json\/wp\/v2\/comments?post=20439"}],"version-history":[{"count":2,"href":"https:\/\/radiowebmx.com\/nota\/wp-json\/wp\/v2\/posts\/20439\/revisions"}],"predecessor-version":[{"id":20443,"href":"https:\/\/radiowebmx.com\/nota\/wp-json\/wp\/v2\/posts\/20439\/revisions\/20443"}],"wp:featuredmedia":[{"embeddable":true,"href":"https:\/\/radiowebmx.com\/nota\/wp-json\/wp\/v2\/media\/20440"}],"wp:attachment":[{"href":"https:\/\/radiowebmx.com\/nota\/wp-json\/wp\/v2\/media?parent=20439"}],"wp:term":[{"taxonomy":"category","embeddable":true,"href":"https:\/\/radiowebmx.com\/nota\/wp-json\/wp\/v2\/categories?post=20439"},{"taxonomy":"post_tag","embeddable":true,"href":"https:\/\/radiowebmx.com\/nota\/wp-json\/wp\/v2\/tags?post=20439"}],"curies":[{"name":"wp","href":"https:\/\/api.w.org\/{rel}","templated":true}]}}