{"id":20432,"date":"2015-12-21T12:34:04","date_gmt":"2015-12-21T18:34:04","guid":{"rendered":"https:\/\/radiowebmx.com\/nota\/?p=20432"},"modified":"2015-12-21T12:34:04","modified_gmt":"2015-12-21T18:34:04","slug":"ayuntamiento-de-morelia-promueve-el-cuidado-integral-de-animales","status":"publish","type":"post","link":"https:\/\/radiowebmx.com\/nota\/ayuntamiento-de-morelia-promueve-el-cuidado-integral-de-animales\/","title":{"rendered":"Ayuntamiento de Morelia promueve el cuidado integral de animales"},"content":{"rendered":"<p><a href=\"https:\/\/radiowebmx.com\/nota\/wp-content\/uploads\/2015\/12\/60ca921f-65f8-4ae8-a94d-f41cd3663513.jpg\"><img loading=\"lazy\" decoding=\"async\" class=\"alignleft size-full wp-image-20433\" src=\"https:\/\/radiowebmx.com\/nota\/wp-content\/uploads\/2015\/12\/60ca921f-65f8-4ae8-a94d-f41cd3663513.jpg\" alt=\"60ca921f-65f8-4ae8-a94d-f41cd3663513\" width=\"591\" height=\"356\" srcset=\"https:\/\/radiowebmx.com\/nota\/wp-content\/uploads\/2015\/12\/60ca921f-65f8-4ae8-a94d-f41cd3663513.jpg 591w, https:\/\/radiowebmx.com\/nota\/wp-content\/uploads\/2015\/12\/60ca921f-65f8-4ae8-a94d-f41cd3663513-300x181.jpg 300w\" sizes=\"auto, (max-width: 591px) 100vw, 591px\" \/><\/a><\/p>\n<p>El Gobierno Municipal consolidar\u00e1 el cuidado integral en el Centro de Atenci\u00f3n Canina, anunci\u00f3 el secretario de Servicios P\u00fablicos, Jos\u00e9 Luis Gil V\u00e1zquez en reuni\u00f3n con los integrantes de la Comisi\u00f3n encargada del tema y que preside la regidora, Alma Bahena Villalobos.<\/p>\n<p>De visita en este Centro municipal, reiter\u00f3 que la presente Administraci\u00f3n que encabeza el Alcalde, Alfonso Mart\u00ednez Alc\u00e1zar pretende reforzar las labores de esta dependencia municipal en tres temas espec\u00edficos: esterilizaci\u00f3n, adopci\u00f3n y concientizaci\u00f3n con la finalidad de fortalecer el tema de esterilizaciones para llegar a la meta de 1400 anuales.<\/p>\n<p>Gil V\u00e1zquez asegur\u00f3 que mediante la jefa de departamento del\u00a0 Centro de Atenci\u00f3n Canina, Annel Nieto \u00c1lvarez, como v\u00ednculo, se estrechar\u00e1 el trabajo con las asociaciones protectoras de animales, adem\u00e1s de que se proyecta reforzar el tema de las adopciones mediante un portal especializado y difusi\u00f3n en redes sociales, mejorar la atenci\u00f3n animal con el proyecto de tener dos ambulancias equipadas con quir\u00f3fanos y atender colonias lejanas y Tenencias de Morelia.<\/p>\n<p>Por su parte la encargada de Desarrollo de Proyectos de la Secretar\u00eda de Servicios P\u00fablicos Municipales, X\u00f3chitl Rivera Herrera expuso que se tiene contemplado implementar mejoras integrales durante el 2016 en el Centro de Atenci\u00f3n Animal, que consisten en un hospital de mascotas, instalaci\u00f3n de un nuevo crematorio, mejoras de las instalaciones y capacitar al personal.<\/p>\n<p>Dicho planteamiento expuesto a los integrantes de la Comisi\u00f3n de Servicios P\u00fablicos Municipales la cual es integrada por Claudia Leticia L\u00e1zaro Medina, Benjam\u00edn Farf\u00e1n Reyes, Osvaldo Ruiz Ram\u00edrez y Kathia Elena Ortiz \u00c1vila.<\/p>\n<p>Annel Nieto indic\u00f3 que la principal inquietud para la dependencia a su cargo es adecuar las instalaciones para los caninos y felinos, y en espec\u00edfico ampliar el \u00e1rea de adopci\u00f3n.<\/p>\n<p>En su oportunidad, la regidora, Claudia L\u00e1zaro Medina destac\u00f3 que como Ayuntamiento de Morelia, se buscar\u00e1 acudir a la federaci\u00f3n para bajar recursos y apoyar la atenci\u00f3n animal.<\/p>\n","protected":false},"excerpt":{"rendered":"<p>El Gobierno Municipal consolidar\u00e1 el cuidado integral en el Centro de Atenci\u00f3n Canina, anunci\u00f3 el secretario de Servicios P\u00fablicos, Jos\u00e9 Luis Gil V\u00e1zquez en reuni\u00f3n con los integrantes de la Comisi\u00f3n encargada del tema y que preside la regidora, Alma Bahena Villalobos.<\/p>\n","protected":false},"author":1,"featured_media":20433,"comment_status":"open","ping_status":"open","sticky":false,"template":"","format":"standard","meta":{"footnotes":""},"categories":[14,9],"tags":[],"class_list":["post-20432","post","type-post","status-publish","format-standard","has-post-thumbnail","hentry","category-destacadas","category-morelia"],"_links":{"self":[{"href":"https:\/\/radiowebmx.com\/nota\/wp-json\/wp\/v2\/posts\/20432","targetHints":{"allow":["GET"]}}],"collection":[{"href":"https:\/\/radiowebmx.com\/nota\/wp-json\/wp\/v2\/posts"}],"about":[{"href":"https:\/\/radiowebmx.com\/nota\/wp-json\/wp\/v2\/types\/post"}],"author":[{"embeddable":true,"href":"https:\/\/radiowebmx.com\/nota\/wp-json\/wp\/v2\/users\/1"}],"replies":[{"embeddable":true,"href":"https:\/\/radiowebmx.com\/nota\/wp-json\/wp\/v2\/comments?post=20432"}],"version-history":[{"count":1,"href":"https:\/\/radiowebmx.com\/nota\/wp-json\/wp\/v2\/posts\/20432\/revisions"}],"predecessor-version":[{"id":20434,"href":"https:\/\/radiowebmx.com\/nota\/wp-json\/wp\/v2\/posts\/20432\/revisions\/20434"}],"wp:featuredmedia":[{"embeddable":true,"href":"https:\/\/radiowebmx.com\/nota\/wp-json\/wp\/v2\/media\/20433"}],"wp:attachment":[{"href":"https:\/\/radiowebmx.com\/nota\/wp-json\/wp\/v2\/media?parent=20432"}],"wp:term":[{"taxonomy":"category","embeddable":true,"href":"https:\/\/radiowebmx.com\/nota\/wp-json\/wp\/v2\/categories?post=20432"},{"taxonomy":"post_tag","embeddable":true,"href":"https:\/\/radiowebmx.com\/nota\/wp-json\/wp\/v2\/tags?post=20432"}],"curies":[{"name":"wp","href":"https:\/\/api.w.org\/{rel}","templated":true}]}}