{"id":20427,"date":"2015-12-18T12:44:54","date_gmt":"2015-12-18T18:44:54","guid":{"rendered":"https:\/\/radiowebmx.com\/nota\/?p=20427"},"modified":"2015-12-18T12:44:54","modified_gmt":"2015-12-18T18:44:54","slug":"ofrece-secretaria-de-turismo-y-cultura-de-morelia-atractivo-programa-para-fiestas-decembrinas","status":"publish","type":"post","link":"https:\/\/radiowebmx.com\/nota\/ofrece-secretaria-de-turismo-y-cultura-de-morelia-atractivo-programa-para-fiestas-decembrinas\/","title":{"rendered":"Ofrece Secretar\u00eda de Turismo y Cultura de Morelia atractivo programa para fiestas decembrinas"},"content":{"rendered":"<p><a href=\"https:\/\/radiowebmx.com\/nota\/wp-content\/uploads\/2015\/12\/dfe75559-8f8e-4e2c-aa31-e33937d7f443.jpg\"><img loading=\"lazy\" decoding=\"async\" class=\"alignleft  wp-image-20428\" src=\"https:\/\/radiowebmx.com\/nota\/wp-content\/uploads\/2015\/12\/dfe75559-8f8e-4e2c-aa31-e33937d7f443.jpg\" alt=\"dfe75559-8f8e-4e2c-aa31-e33937d7f443\" width=\"595\" height=\"434\" \/><\/a>Gran respuesta han tenido los eventos culturales que la Secretar\u00eda de Turismo y Cultura de Morelia lleva a cabo en la Calzada Fray Antonio de San Miguel, y que estar\u00e1n vigentes hasta el pr\u00f3ximo 20 de diciembre.<\/p>\n<p>La titular de las pol\u00edticas tur\u00edsticas en la capital de Michoac\u00e1n, Thelma Aquique Arrieta invit\u00f3 a todos lo morelianos y p\u00fabico en general a que visiten y formen parte de estas actividades cultuales que se desarrollar\u00e1n en esta Calzada y que tiene como objetivo, promover un ambiente familiar, rescatar los espacios p\u00fablicos y rescatar las tradiciones decembrinas a trav\u00e9s de villancicos, baile, danza y teatro.<\/p>\n<p>Estos eventos forman parte de una cartelera cultural que pretende ser una actividad frecuente y alterna enmarcando fechas espec\u00edficas, como en este caso las fiestas decembrinas, adem\u00e1s, se tienen preparadas diferentes actividades en las plazas p\u00fabicas como en la Plaza Valladolid, Plaza de Armas y las Tenencias a trav\u00e9s de sus programas S\u00e1bados y Domingos M\u00e1gicos.<\/p>\n<p>El Ayuntamiento de Morelia que encabeza el Alcalde, Alfonso Mart\u00ednez Alc\u00e1zar, a trav\u00e9s de sus diferentes dependencias ha trabajado para que la infraestructura y calles de la ciudad se iluminen con motivo de la Navidad, y es que a trav\u00e9s de la Direcci\u00f3n de Alumbrado han sido colocadas series luminarias en los \u00e1rboles del Primer Cuadro y de la Calzada Fray Antonio de San Miguel lo que ha generado un gran inter\u00e9s y gusto de la ciudadan\u00eda.<\/p>\n<p>As\u00ed mismo, la Direcci\u00f3n de Alumbrado a trav\u00e9s de su personal, se encargaron de colocar 5 pasacalles en la Avenida Madero, 7 figuras navide\u00f1as frente a la plaza de armas y un letrero de &#8220;Feliz Navidad y Pr\u00f3spero A\u00f1o Nuevo&#8221;, al inicio de Acueducto.<\/p>\n<p>Cabe destacar que el 60 por ciento de este material es reciclado y se coloca con la finalidad de que Morelia se presente acorde a las festividades de la \u00e9poca navide\u00f1a, para el disfrute de los ciudadanos y turistas.<\/p>\n","protected":false},"excerpt":{"rendered":"<p>Gran respuesta han tenido los eventos culturales que la Secretar\u00eda de Turismo y Cultura de Morelia lleva a cabo en la Calzada Fray Antonio de San Miguel, y que estar\u00e1n vigentes hasta el pr\u00f3ximo 20 de diciembre.<\/p>\n","protected":false},"author":1,"featured_media":20428,"comment_status":"open","ping_status":"open","sticky":false,"template":"","format":"standard","meta":{"footnotes":""},"categories":[14,9],"tags":[],"class_list":["post-20427","post","type-post","status-publish","format-standard","has-post-thumbnail","hentry","category-destacadas","category-morelia"],"_links":{"self":[{"href":"https:\/\/radiowebmx.com\/nota\/wp-json\/wp\/v2\/posts\/20427","targetHints":{"allow":["GET"]}}],"collection":[{"href":"https:\/\/radiowebmx.com\/nota\/wp-json\/wp\/v2\/posts"}],"about":[{"href":"https:\/\/radiowebmx.com\/nota\/wp-json\/wp\/v2\/types\/post"}],"author":[{"embeddable":true,"href":"https:\/\/radiowebmx.com\/nota\/wp-json\/wp\/v2\/users\/1"}],"replies":[{"embeddable":true,"href":"https:\/\/radiowebmx.com\/nota\/wp-json\/wp\/v2\/comments?post=20427"}],"version-history":[{"count":1,"href":"https:\/\/radiowebmx.com\/nota\/wp-json\/wp\/v2\/posts\/20427\/revisions"}],"predecessor-version":[{"id":20430,"href":"https:\/\/radiowebmx.com\/nota\/wp-json\/wp\/v2\/posts\/20427\/revisions\/20430"}],"wp:featuredmedia":[{"embeddable":true,"href":"https:\/\/radiowebmx.com\/nota\/wp-json\/wp\/v2\/media\/20428"}],"wp:attachment":[{"href":"https:\/\/radiowebmx.com\/nota\/wp-json\/wp\/v2\/media?parent=20427"}],"wp:term":[{"taxonomy":"category","embeddable":true,"href":"https:\/\/radiowebmx.com\/nota\/wp-json\/wp\/v2\/categories?post=20427"},{"taxonomy":"post_tag","embeddable":true,"href":"https:\/\/radiowebmx.com\/nota\/wp-json\/wp\/v2\/tags?post=20427"}],"curies":[{"name":"wp","href":"https:\/\/api.w.org\/{rel}","templated":true}]}}