{"id":2040,"date":"2013-04-03T12:32:19","date_gmt":"2013-04-03T18:32:19","guid":{"rendered":"https:\/\/radiowebmx.com\/nota\/?p=2040"},"modified":"2013-04-03T12:32:19","modified_gmt":"2013-04-03T18:32:19","slug":"continua-apoyo-mutuo-para-promocion-turistica-entre-leon-guanajuato-y-michoacan","status":"publish","type":"post","link":"https:\/\/radiowebmx.com\/nota\/continua-apoyo-mutuo-para-promocion-turistica-entre-leon-guanajuato-y-michoacan\/","title":{"rendered":"CONTIN\u00daA APOYO MUTUO PARA PROMOCI\u00d3N TUR\u00cdSTICA ENTRE LE\u00d3N, GUANAJUATO Y MICHOAC\u00c1N"},"content":{"rendered":"<p>Una serie de espacios gratuitos para la promoci\u00f3n tur\u00edstica recibir\u00e1 nuevamente Michoac\u00e1n en la ciudad de Le\u00f3n, Guanajuato, en el marco del esquema de apoyo mutuo que comenz\u00f3 en marzo pasado entre el ayuntamiento Leon\u00e9s y la Secretar\u00eda de Turismo de Michoac\u00e1n, anunci\u00f3 el Coordinador de Comunicaci\u00f3n Social de Gobierno del Estado, Julio C\u00e9sar Hern\u00e1ndez Granados.<\/p>\n<p>&nbsp;<\/p>\n<p>Hern\u00e1ndez Granados, record\u00f3 que en marzo pasado Le\u00f3n accedi\u00f3 a la solicitud de que la primera promoci\u00f3n de Michoac\u00e1n se realizara en coincidencia con el Rally anual de la ciudad, ante los miles de visitantes que llegaron atra\u00eddos por ese evento. Fue as\u00ed que cada una de las actividades programadas en las plazas leonesas con artesanos, m\u00fasica, danzas, gastronom\u00eda e informaci\u00f3n tur\u00edstica de Michoac\u00e1n, se realiz\u00f3 con gran afluencia de miles de paseantes y turistas potenciales.<\/p>\n<p>&nbsp;<\/p>\n<p>En ese contexto, en conferencia de prensa encabezada por Hern\u00e1ndez Granados, la ciudad de Le\u00f3n dio a conocer la pr\u00f3xima realizaci\u00f3n, el 8 de mayo, de un concierto con el popular cantante Miguel Bos\u00e9, dentro de su gira \u201cPapitwo 2013\u201d.<\/p>\n<p>&nbsp;<\/p>\n<p>En el encuentro con la prensa, Carolina Guerrero y Ricardo Urz\u00faa, a nombre del ayuntamiento de Le\u00f3n, dieron a conocer los detalles del concierto que tendr\u00e1 lugar en la explanada de la Feria, con entrada desde las 18:00 horas. El concierto ser\u00e1 a las 20:00 hrs. y los precios de los boletos van desde los $480 pesos hasta los $2,300 pesos.<\/p>\n<p>&nbsp;<\/p>\n<p>Cabe se\u00f1alar que como parte del apoyo al concierto, Michoac\u00e1n se beneficiar\u00e1 con:<\/p>\n<ul>\n<li>Descuentos en los hoteles de Le\u00f3n para visitantes de Michoac\u00e1n<\/li>\n<li>Espacio para la promoci\u00f3n tur\u00edstica del estado en el centro de bienvenida del Concierto.<\/li>\n<li>Espacio para promoci\u00f3n tur\u00edstica dentro del espacio del concierto.<\/li>\n<li>Menciones en espacios de radiodifusoras guanajuatenese y notas editoriales den peri\u00f3dicos del vecino estado, sobre el apoyo de Michoac\u00e1n para la difusi\u00f3n del evento.<\/li>\n<li>Descuentos de hasta 20% en boletos para visitantes de Michoac\u00e1n.<\/li>\n<li>Difusi\u00f3n del apoyo que brinda Michoac\u00e1n en las redes sociales y ruedas de prensa alusivas al concierto.<\/li>\n<li>Presencia de Michoac\u00e1n en toda la publicidad que est\u00e9 por sacarse para el concierto.<\/li>\n<\/ul>\n<p>&nbsp;<\/p>\n<p>Puntualizaron que toda la informaci\u00f3n con detalles y promociones se encuentra en\u00a0\u00a0redes sociales en la p\u00e1gina\u00a0<a href=\"https:\/\/www.facebook.com\/BosePapitwo\" target=\"_blank\">https:\/\/www.facebook.com\/BosePapitwo<\/a><\/p>\n","protected":false},"excerpt":{"rendered":"<p>Una serie de espacios gratuitos para la promoci\u00f3n tur\u00edstica recibir\u00e1 nuevamente Michoac\u00e1n en la ciudad de Le\u00f3n, Guanajuato, en el marco del esquema de apoyo mutuo que comenz\u00f3 en marzo pasado entre el ayuntamiento Leon\u00e9s y la Secretar\u00eda de Turismo de Michoac\u00e1n, anunci\u00f3 el Coordinador de Comunicaci\u00f3n Social de Gobierno del Estado, Julio C\u00e9sar Hern\u00e1ndez Granados.<\/p>\n","protected":false},"author":1,"featured_media":0,"comment_status":"open","ping_status":"open","sticky":false,"template":"","format":"standard","meta":{"footnotes":""},"categories":[3],"tags":[],"class_list":["post-2040","post","type-post","status-publish","format-standard","hentry","category-gobierno-del-estado-de-michoacan"],"_links":{"self":[{"href":"https:\/\/radiowebmx.com\/nota\/wp-json\/wp\/v2\/posts\/2040","targetHints":{"allow":["GET"]}}],"collection":[{"href":"https:\/\/radiowebmx.com\/nota\/wp-json\/wp\/v2\/posts"}],"about":[{"href":"https:\/\/radiowebmx.com\/nota\/wp-json\/wp\/v2\/types\/post"}],"author":[{"embeddable":true,"href":"https:\/\/radiowebmx.com\/nota\/wp-json\/wp\/v2\/users\/1"}],"replies":[{"embeddable":true,"href":"https:\/\/radiowebmx.com\/nota\/wp-json\/wp\/v2\/comments?post=2040"}],"version-history":[{"count":2,"href":"https:\/\/radiowebmx.com\/nota\/wp-json\/wp\/v2\/posts\/2040\/revisions"}],"predecessor-version":[{"id":2042,"href":"https:\/\/radiowebmx.com\/nota\/wp-json\/wp\/v2\/posts\/2040\/revisions\/2042"}],"wp:attachment":[{"href":"https:\/\/radiowebmx.com\/nota\/wp-json\/wp\/v2\/media?parent=2040"}],"wp:term":[{"taxonomy":"category","embeddable":true,"href":"https:\/\/radiowebmx.com\/nota\/wp-json\/wp\/v2\/categories?post=2040"},{"taxonomy":"post_tag","embeddable":true,"href":"https:\/\/radiowebmx.com\/nota\/wp-json\/wp\/v2\/tags?post=2040"}],"curies":[{"name":"wp","href":"https:\/\/api.w.org\/{rel}","templated":true}]}}