{"id":20378,"date":"2015-12-16T12:58:45","date_gmt":"2015-12-16T18:58:45","guid":{"rendered":"https:\/\/radiowebmx.com\/nota\/?p=20378"},"modified":"2015-12-16T12:58:45","modified_gmt":"2015-12-16T18:58:45","slug":"promueve-ayuntamiento-legado-y-obra-de-morelos","status":"publish","type":"post","link":"https:\/\/radiowebmx.com\/nota\/promueve-ayuntamiento-legado-y-obra-de-morelos\/","title":{"rendered":"Promueve Ayuntamiento legado y obra de Morelos"},"content":{"rendered":"<p><a href=\"https:\/\/radiowebmx.com\/nota\/wp-content\/uploads\/2015\/12\/b26a1397-e7d4-466c-8796-c4d21354a7c3.jpg\"><img loading=\"lazy\" decoding=\"async\" class=\"alignleft size-full wp-image-20379\" src=\"https:\/\/radiowebmx.com\/nota\/wp-content\/uploads\/2015\/12\/b26a1397-e7d4-466c-8796-c4d21354a7c3.jpg\" alt=\"b26a1397-e7d4-466c-8796-c4d21354a7c3\" width=\"591\" height=\"230\" srcset=\"https:\/\/radiowebmx.com\/nota\/wp-content\/uploads\/2015\/12\/b26a1397-e7d4-466c-8796-c4d21354a7c3.jpg 591w, https:\/\/radiowebmx.com\/nota\/wp-content\/uploads\/2015\/12\/b26a1397-e7d4-466c-8796-c4d21354a7c3-300x117.jpg 300w\" sizes=\"auto, (max-width: 591px) 100vw, 591px\" \/><\/a>Como parte de las actividades que se realizar\u00e1n en el marco del Bicentenario del Aniversario Luctuoso de Don Jos\u00e9 Mar\u00eda Morelos y Pav\u00f3n, la tarde de este martes, se llev\u00f3 a cabo la conferencia magistral denominada \u201cLos \u00faltimos d\u00edas del Siervo de la Naci\u00f3n\u201d, impartida por la conferencista Patricia Galeana Herrera, directora del Instituto Nacional de Estudios Hist\u00f3ricos de las Revoluciones de M\u00e9xico (INEHRM).<\/p>\n<p>Durante su ponencia, la historiadora y feminista realiz\u00f3 un recorrido por los \u00faltimos a\u00f1os que vivi\u00f3 uno de los h\u00e9roes m\u00e1s representativos de la Independencia de M\u00e9xico, nacido en Valladolid hoy Morelia, subrayando la importancia que tienen su legado en la historia actual del pa\u00eds.<\/p>\n<p>Con la presencia del Alcalde de Morelia, Alfonso Mart\u00ednez Alc\u00e1zar, la titular de la Secretar\u00eda de Turismo, Thelma Aquique Arrieta, la regidora Mar\u00eda Elisa Garrido y diversas autoridades municipales, Galeana Herrera resalt\u00f3 los logros del Siervo de la Naci\u00f3n, como sucesor del Padre de la Independencia Miguel Hidalgo y Costilla.<\/p>\n<p>Es de precisar que esta conferencia magistral forma parte de una serie de actividades que el Ayuntamiento de Morelia estar\u00e1 realizando en el marco del Aniversario Luctuoso de Don Jos\u00e9 Mar\u00eda Morelos a celebrarse el pr\u00f3ximo 22 de diciembre.<\/p>\n<p>Asimismo, la fundadora del Museo de la Mujer resalt\u00f3 que a pesar de que Morelos tuvo una infancia complicada y azarosa, pudo sobresalir por su gran desempe\u00f1o acad\u00e9mico que lo llevaron a ser uno de los alumnos m\u00e1s destacados de la Universidad Michoacana de San Nicol\u00e1s Obispo.<\/p>\n<p>De igual forma, Patricia Galeana resalt\u00f3 su lucha por la libertad de la Am\u00e9rica Mexicana, as\u00ed como su m\u00e1s grande creaci\u00f3n que fueron los Sentimientos de la Naci\u00f3n documentos que inspiraron la promulgaci\u00f3n de la Constituci\u00f3n de 1814.<\/p>\n<p>Al t\u00e9rmino de la conferencia, al Alcalde Alfonso Mart\u00ednez entreg\u00f3 un reconocimiento a Patricia Galeana y reconoci\u00f3 la labor que realiza la historiadora por mantener vivos los logros que realizaron personajes como Morelos, que son quienes dieron paso a la libertad que hoy conoce la sociedad.<\/p>\n<p>Finalmente se cont\u00f3 con la participaci\u00f3n del Coro Peregrino, quienes amenizaron esta actividad con sus famosos cantos en honor al insurgente Jos\u00e9 Mar\u00eda Morelos y Pav\u00f3n.<\/p>\n","protected":false},"excerpt":{"rendered":"<p>Como parte de las actividades que se realizar\u00e1n en el marco del Bicentenario del Aniversario Luctuoso de Don Jos\u00e9 Mar\u00eda Morelos y Pav\u00f3n, la tarde de este martes, se llev\u00f3 a cabo la conferencia magistral denominada \u201cLos \u00faltimos d\u00edas del Siervo de la Naci\u00f3n\u201d,<\/p>\n","protected":false},"author":1,"featured_media":20379,"comment_status":"open","ping_status":"open","sticky":false,"template":"","format":"standard","meta":{"footnotes":""},"categories":[14,9],"tags":[],"class_list":["post-20378","post","type-post","status-publish","format-standard","has-post-thumbnail","hentry","category-destacadas","category-morelia"],"_links":{"self":[{"href":"https:\/\/radiowebmx.com\/nota\/wp-json\/wp\/v2\/posts\/20378","targetHints":{"allow":["GET"]}}],"collection":[{"href":"https:\/\/radiowebmx.com\/nota\/wp-json\/wp\/v2\/posts"}],"about":[{"href":"https:\/\/radiowebmx.com\/nota\/wp-json\/wp\/v2\/types\/post"}],"author":[{"embeddable":true,"href":"https:\/\/radiowebmx.com\/nota\/wp-json\/wp\/v2\/users\/1"}],"replies":[{"embeddable":true,"href":"https:\/\/radiowebmx.com\/nota\/wp-json\/wp\/v2\/comments?post=20378"}],"version-history":[{"count":1,"href":"https:\/\/radiowebmx.com\/nota\/wp-json\/wp\/v2\/posts\/20378\/revisions"}],"predecessor-version":[{"id":20380,"href":"https:\/\/radiowebmx.com\/nota\/wp-json\/wp\/v2\/posts\/20378\/revisions\/20380"}],"wp:featuredmedia":[{"embeddable":true,"href":"https:\/\/radiowebmx.com\/nota\/wp-json\/wp\/v2\/media\/20379"}],"wp:attachment":[{"href":"https:\/\/radiowebmx.com\/nota\/wp-json\/wp\/v2\/media?parent=20378"}],"wp:term":[{"taxonomy":"category","embeddable":true,"href":"https:\/\/radiowebmx.com\/nota\/wp-json\/wp\/v2\/categories?post=20378"},{"taxonomy":"post_tag","embeddable":true,"href":"https:\/\/radiowebmx.com\/nota\/wp-json\/wp\/v2\/tags?post=20378"}],"curies":[{"name":"wp","href":"https:\/\/api.w.org\/{rel}","templated":true}]}}