{"id":20367,"date":"2015-12-16T11:36:23","date_gmt":"2015-12-16T17:36:23","guid":{"rendered":"https:\/\/radiowebmx.com\/nota\/?p=20367"},"modified":"2015-12-16T11:36:23","modified_gmt":"2015-12-16T17:36:23","slug":"ayuntamiento-respaldara-iniciativas-ciudadanas-que-propicien-el-desarrollo-de-morelia-jesus-avalos-plata","status":"publish","type":"post","link":"https:\/\/radiowebmx.com\/nota\/ayuntamiento-respaldara-iniciativas-ciudadanas-que-propicien-el-desarrollo-de-morelia-jesus-avalos-plata\/","title":{"rendered":"Ayuntamiento respaldar\u00e1 iniciativas ciudadanas que propicien el desarrollo de Morelia: Jes\u00fas \u00c1valos Plata"},"content":{"rendered":"<p><a href=\"https:\/\/radiowebmx.com\/nota\/wp-content\/uploads\/2015\/12\/c9241470-8a44-41de-b04b-ce842544126b.jpg\"><img loading=\"lazy\" decoding=\"async\" class=\"alignleft size-full wp-image-20368\" src=\"https:\/\/radiowebmx.com\/nota\/wp-content\/uploads\/2015\/12\/c9241470-8a44-41de-b04b-ce842544126b.jpg\" alt=\"c9241470-8a44-41de-b04b-ce842544126b\" width=\"591\" height=\"352\" srcset=\"https:\/\/radiowebmx.com\/nota\/wp-content\/uploads\/2015\/12\/c9241470-8a44-41de-b04b-ce842544126b.jpg 591w, https:\/\/radiowebmx.com\/nota\/wp-content\/uploads\/2015\/12\/c9241470-8a44-41de-b04b-ce842544126b-300x179.jpg 300w\" sizes=\"auto, (max-width: 591px) 100vw, 591px\" \/><\/a>Para el Ayuntamiento de Morelia que encabeza el Presidente Municipal, Alfonso Mart\u00ednez Alc\u00e1zar, es una prioridad incluir las visiones y proyectos de los ciudadanos en la construcci\u00f3n de la ciudad que todos queremos a largo plazo, por ello respaldaremos las iniciativas ciudadanas que propicien el desarrollo del municipio, afirm\u00f3 el Secretario del Ayuntamiento, Jes\u00fas \u00c1valos Plata, durante la premiaci\u00f3n del Concurso de Ideas y Proyectos Morelia 2033.<\/p>\n<p>En presencia del Secretario T\u00e9cnico del Consejo Ciudadano, Erick Avil\u00e9s Mart\u00ednez, as\u00ed como los integrantes de este organismo, Jorge Mancevo del Castillo Trejo, Mario Javier Guti\u00e9rrez y Alejandro Revuelta Vaquero, \u00c1valos Plata precis\u00f3 que estas propuestas permiten a la Administraci\u00f3n tener una visi\u00f3n m\u00e1s clara de la ruta a seguir para consolidar pol\u00edticas p\u00fablicas en beneficio de los ciudadanos.<\/p>\n<p>Frente a los j\u00f3venes ganadores, el funcionario municipal conmin\u00f3 a los participantes a tomar conciencia de que &#8220;ustedes tienen que ser el eje rector de la transformaci\u00f3n de Morelia&#8221;, por ello los invit\u00f3 a continuar prepar\u00e1ndose y mantener el v\u00ednculo con el gobierno municipal para lograr los objetivos planteados.<\/p>\n<p>Tras reconocer el esfuerzo del Consejo Ciudadano para la convocatoria de este concurso, el Secretario del Ayuntamiento puntualiz\u00f3 que en el municipio se han emprendido una serie de acciones para hacer m\u00e1s eficiente y optimizar recursos, con el prop\u00f3sito de mejoras las condiciones de vida de las familias morelianas, &#8220;si bien no ha sido sencillo romper inercias de anta\u00f1o, con el apoyo de ustedes los j\u00f3venes y los ciudadanos interesados, podremos lograr una mejor Morelia&#8221;.<\/p>\n<p>Al hacer uso de la voz, Avil\u00e9s Mart\u00ednez, destac\u00f3 que la intenci\u00f3n de premiar proyectos juveniles nace de una iniciativa ciudadana, para involucrar a este sector de la sociedad, que con ideas novedosas y frescas, contribuyan a modelar y dise\u00f1ar una ciudad competitiva.<\/p>\n<p>&#8220;En la medida que se vean como agentes de cambio de su entorno y visualicen todas las \u00e1reas de oportunidad que tienen a su alrededor, en materia de salud, desarrollo urbano, medio ambiente y otros temas, Morelia se convertir\u00e1 en un mejor lugar para vivir&#8221;, a\u00f1adi\u00f3.<\/p>\n<p>Dentro de los ganadores del Concurso Ideas y Proyectos 2033, destacan en el rubro de Turismo y Patrimonio, Roberto Guzm\u00e1n L\u00f3pez; en Desarrollo rural, H\u00e9ctor Zavala Guzm\u00e1n; en Desarrollo econ\u00f3mico, Andrea L\u00f3pez; Convivencia C\u00edvica, Mar\u00eda Dolores Dur\u00e1n Mej\u00eda; Medio ambiente, Said Alfonso Dimas Tinoco y Karla Pe\u00f1a Contreras; en Sociedad sana y deporte, Ivette Maya Rodr\u00edguez y Efra\u00edn Rodr\u00edguez S\u00e1nchez; as\u00ed como en Desarrollo urbano, Alan Mart\u00edn Revillajijedo y Sergio Flores Zarco.<\/p>\n<p>Es de mencionar, que adem\u00e1s se dieron reconocimientos a los consejeros ciudadanos que participaron en esa iniciativa.<\/p>\n","protected":false},"excerpt":{"rendered":"<p>Para el Ayuntamiento de Morelia que encabeza el Presidente Municipal, Alfonso Mart\u00ednez Alc\u00e1zar, es una prioridad incluir las visiones y proyectos de los ciudadanos en la construcci\u00f3n de la ciudad que todos queremos a largo plazo, <\/p>\n","protected":false},"author":1,"featured_media":20368,"comment_status":"open","ping_status":"open","sticky":false,"template":"","format":"standard","meta":{"footnotes":""},"categories":[14,9],"tags":[],"class_list":["post-20367","post","type-post","status-publish","format-standard","has-post-thumbnail","hentry","category-destacadas","category-morelia"],"_links":{"self":[{"href":"https:\/\/radiowebmx.com\/nota\/wp-json\/wp\/v2\/posts\/20367","targetHints":{"allow":["GET"]}}],"collection":[{"href":"https:\/\/radiowebmx.com\/nota\/wp-json\/wp\/v2\/posts"}],"about":[{"href":"https:\/\/radiowebmx.com\/nota\/wp-json\/wp\/v2\/types\/post"}],"author":[{"embeddable":true,"href":"https:\/\/radiowebmx.com\/nota\/wp-json\/wp\/v2\/users\/1"}],"replies":[{"embeddable":true,"href":"https:\/\/radiowebmx.com\/nota\/wp-json\/wp\/v2\/comments?post=20367"}],"version-history":[{"count":1,"href":"https:\/\/radiowebmx.com\/nota\/wp-json\/wp\/v2\/posts\/20367\/revisions"}],"predecessor-version":[{"id":20369,"href":"https:\/\/radiowebmx.com\/nota\/wp-json\/wp\/v2\/posts\/20367\/revisions\/20369"}],"wp:featuredmedia":[{"embeddable":true,"href":"https:\/\/radiowebmx.com\/nota\/wp-json\/wp\/v2\/media\/20368"}],"wp:attachment":[{"href":"https:\/\/radiowebmx.com\/nota\/wp-json\/wp\/v2\/media?parent=20367"}],"wp:term":[{"taxonomy":"category","embeddable":true,"href":"https:\/\/radiowebmx.com\/nota\/wp-json\/wp\/v2\/categories?post=20367"},{"taxonomy":"post_tag","embeddable":true,"href":"https:\/\/radiowebmx.com\/nota\/wp-json\/wp\/v2\/tags?post=20367"}],"curies":[{"name":"wp","href":"https:\/\/api.w.org\/{rel}","templated":true}]}}