{"id":20364,"date":"2015-12-16T11:32:20","date_gmt":"2015-12-16T17:32:20","guid":{"rendered":"https:\/\/radiowebmx.com\/nota\/?p=20364"},"modified":"2015-12-16T11:32:20","modified_gmt":"2015-12-16T17:32:20","slug":"autoriza-ayuntamiento-museo-casa-natal-de-morelos-como-recinto-oficial-para-sesion-solemne","status":"publish","type":"post","link":"https:\/\/radiowebmx.com\/nota\/autoriza-ayuntamiento-museo-casa-natal-de-morelos-como-recinto-oficial-para-sesion-solemne\/","title":{"rendered":"Autoriza Ayuntamiento Museo Casa Natal de Morelos como recinto oficial para Sesi\u00f3n Solemne"},"content":{"rendered":"<p><a href=\"https:\/\/radiowebmx.com\/nota\/wp-content\/uploads\/2015\/12\/7aec7d17-e952-47df-bbb4-997bb8bd37e5.jpg\"><img loading=\"lazy\" decoding=\"async\" class=\"alignleft size-full wp-image-20365\" src=\"https:\/\/radiowebmx.com\/nota\/wp-content\/uploads\/2015\/12\/7aec7d17-e952-47df-bbb4-997bb8bd37e5.jpg\" alt=\"7aec7d17-e952-47df-bbb4-997bb8bd37e5\" width=\"591\" height=\"305\" srcset=\"https:\/\/radiowebmx.com\/nota\/wp-content\/uploads\/2015\/12\/7aec7d17-e952-47df-bbb4-997bb8bd37e5.jpg 591w, https:\/\/radiowebmx.com\/nota\/wp-content\/uploads\/2015\/12\/7aec7d17-e952-47df-bbb4-997bb8bd37e5-300x155.jpg 300w\" sizes=\"auto, (max-width: 591px) 100vw, 591px\" \/><\/a>En sesi\u00f3n ordinaria de Cabildo se aprob\u00f3 por unanimidad la propuesta enviada por el Presidente Municipal de Morelia, Alfonso Mart\u00ednez Alc\u00e1zar para que sea habilitado como recinto oficial el Museo Casa Natal de Morelos para llevar a cabo la sesi\u00f3n Solemne, en la que se conmemorar\u00e1 el Aniversario Luctuoso de Jos\u00e9 Mar\u00eda Morelos y Pav\u00f3n.<\/p>\n<p>El \u00f3rgano colegiado, determin\u00f3 que dicha sesi\u00f3n se llevar\u00e1 a cabo el pr\u00f3ximo 22 de diciembre del a\u00f1o en curso, a las 10 horas, acto que encabezar\u00e1 el Alcalde, Alfonso Mart\u00ednez.<\/p>\n<p>Cabe mencionar que este a\u00f1o se conmemorar\u00e1 el Bicentenario luctuoso de Don Jos\u00e9 Mar\u00eda Morelos y Pav\u00f3n, fecha en la que fue fusilado en San Crist\u00f3bal Ecatepec, hoy Estado de M\u00e9xico.<\/p>\n<p>Por esta raz\u00f3n se instruy\u00f3 a nivel federal para que este 2015 fuera declarado como a\u00f1o del General\u00edsimo Jos\u00e9 Mar\u00eda Morelos y Pav\u00f3n, esto debido a que es de vital importancia estimular la conciencia c\u00edvica e hist\u00f3rica de este ilustre personaje en la historia del pa\u00eds.<\/p>\n<p>En otro orden de ideas, en la sesi\u00f3n desarrollada en el Archivo Hist\u00f3rico Municipal, se dio tr\u00e1mite a varias comunicaciones referentes a la extensi\u00f3n de horarios y cambios de domicilio de algunos establecimientos.<\/p>\n<p>Asimismo, se abordaron algunos permisos para la construcci\u00f3n de\u00a0 extensiones de uso de suelo, as\u00ed como para ampliaci\u00f3n de desarrollo de vivienda.<\/p>\n","protected":false},"excerpt":{"rendered":"<p>En sesi\u00f3n ordinaria de Cabildo se aprob\u00f3 por unanimidad la propuesta enviada por el Presidente Municipal de Morelia, Alfonso Mart\u00ednez Alc\u00e1zar para que sea habilitado como recinto oficial el Museo Casa Natal de Morelos para llevar a cabo la sesi\u00f3n Solemne, <\/p>\n","protected":false},"author":1,"featured_media":20365,"comment_status":"open","ping_status":"open","sticky":false,"template":"","format":"standard","meta":{"footnotes":""},"categories":[14,9],"tags":[],"class_list":["post-20364","post","type-post","status-publish","format-standard","has-post-thumbnail","hentry","category-destacadas","category-morelia"],"_links":{"self":[{"href":"https:\/\/radiowebmx.com\/nota\/wp-json\/wp\/v2\/posts\/20364","targetHints":{"allow":["GET"]}}],"collection":[{"href":"https:\/\/radiowebmx.com\/nota\/wp-json\/wp\/v2\/posts"}],"about":[{"href":"https:\/\/radiowebmx.com\/nota\/wp-json\/wp\/v2\/types\/post"}],"author":[{"embeddable":true,"href":"https:\/\/radiowebmx.com\/nota\/wp-json\/wp\/v2\/users\/1"}],"replies":[{"embeddable":true,"href":"https:\/\/radiowebmx.com\/nota\/wp-json\/wp\/v2\/comments?post=20364"}],"version-history":[{"count":1,"href":"https:\/\/radiowebmx.com\/nota\/wp-json\/wp\/v2\/posts\/20364\/revisions"}],"predecessor-version":[{"id":20366,"href":"https:\/\/radiowebmx.com\/nota\/wp-json\/wp\/v2\/posts\/20364\/revisions\/20366"}],"wp:featuredmedia":[{"embeddable":true,"href":"https:\/\/radiowebmx.com\/nota\/wp-json\/wp\/v2\/media\/20365"}],"wp:attachment":[{"href":"https:\/\/radiowebmx.com\/nota\/wp-json\/wp\/v2\/media?parent=20364"}],"wp:term":[{"taxonomy":"category","embeddable":true,"href":"https:\/\/radiowebmx.com\/nota\/wp-json\/wp\/v2\/categories?post=20364"},{"taxonomy":"post_tag","embeddable":true,"href":"https:\/\/radiowebmx.com\/nota\/wp-json\/wp\/v2\/tags?post=20364"}],"curies":[{"name":"wp","href":"https:\/\/api.w.org\/{rel}","templated":true}]}}