{"id":20361,"date":"2015-12-16T11:25:04","date_gmt":"2015-12-16T17:25:04","guid":{"rendered":"https:\/\/radiowebmx.com\/nota\/?p=20361"},"modified":"2015-12-16T11:29:44","modified_gmt":"2015-12-16T17:29:44","slug":"aprueba-cabildo-la-creacion-de-la-policia-de-morelia","status":"publish","type":"post","link":"https:\/\/radiowebmx.com\/nota\/aprueba-cabildo-la-creacion-de-la-policia-de-morelia\/","title":{"rendered":"Aprueba Cabildo la creaci\u00f3n de la Polic\u00eda de Morelia"},"content":{"rendered":"<p><a href=\"https:\/\/radiowebmx.com\/nota\/wp-content\/uploads\/2015\/12\/98164824-4395-4a41-8503-d0a0eb382b37.jpg\"><img loading=\"lazy\" decoding=\"async\" class=\"alignleft size-full wp-image-20362\" src=\"https:\/\/radiowebmx.com\/nota\/wp-content\/uploads\/2015\/12\/98164824-4395-4a41-8503-d0a0eb382b37.jpg\" alt=\"98164824-4395-4a41-8503-d0a0eb382b37\" width=\"591\" height=\"335\" srcset=\"https:\/\/radiowebmx.com\/nota\/wp-content\/uploads\/2015\/12\/98164824-4395-4a41-8503-d0a0eb382b37.jpg 591w, https:\/\/radiowebmx.com\/nota\/wp-content\/uploads\/2015\/12\/98164824-4395-4a41-8503-d0a0eb382b37-300x170.jpg 300w, https:\/\/radiowebmx.com\/nota\/wp-content\/uploads\/2015\/12\/98164824-4395-4a41-8503-d0a0eb382b37-128x72.jpg 128w\" sizes=\"auto, (max-width: 591px) 100vw, 591px\" \/><\/a>Con la finalidad de preservar el orden y la paz p\u00fablica,\u00a0 prevenir los delitos y en su caso investigarlos bajo la conducci\u00f3n y mando del Ministerio P\u00fablico en t\u00e9rminos de la legislaci\u00f3n aplicable, el Cabildo de Morelia aprob\u00f3 este martes, en sesi\u00f3n ordinaria de Cabildo, el Acuerdo mediante el cual se crea el \u00d3rgano Desconcentrado denominado Polic\u00eda de Morelia, la cual entrar\u00e1 el vigor el primero de enero del 2016.<\/p>\n<p>Con un voto un\u00e1nime, los integrantes del \u00f3rgano Colegiado aprobaron el dictamen bajo el cual se establecen las funciones que habr\u00e1 de realizar la Polic\u00eda de Morelia, entre los que resaltan la articulaci\u00f3n de estrategias y acciones tendientes a preservar la seguridad p\u00fablica, prestar protecci\u00f3n y auxilio inmediato, as\u00ed como, planear y estructurar mecanismos y espacios para la atenci\u00f3n integral a v\u00edctimas, ofendidos o testigos del delito, realizar detenciones en los casos que autoriza la Constituci\u00f3n, haciendo saber a la persona detenida los derechos que \u00e9sta le otorga e impedir que se consumen los delitos.<\/p>\n<p>De acuerdo a lo especificado en el documento de dictamen, la Polic\u00eda de Morelia estar\u00e1 obligada a realizar todos los actos necesarios para evitar una agresi\u00f3n real, actual o inminente y sin derecho en protecci\u00f3n de bienes jur\u00eddicos de los gobernados, a quienes tiene la obligaci\u00f3n de proteger; actuar bajo el mando del Ministerio P\u00fablico en el aseguramiento de bienes relacionados con la investigaci\u00f3n de los delitos; preservar el lugar de los hechos o del hallazgo y en general, realizar todos los actos necesarios para garantizar la integridad de los indicios; entre otras atribuciones.<\/p>\n<p>Seg\u00fan la propuesta realizada por la Comisi\u00f3n Especial para la Firma del Mando \u00danico, se especific\u00f3 que al frente de la Polic\u00eda habr\u00e1 un Comisario que ser\u00e1 nombrado por el Ayuntamiento a propuesta de una terna presentada por el Presidente Municipal, el cargo de Comisario ser\u00e1 por tres a\u00f1os, pudiendo ser reelecto por un per\u00edodo adicional y s\u00f3lo podr\u00e1 ser removido de su cargo por las responsabilidades administrativas y penales establecidas en la legislaci\u00f3n aplicable.<\/p>\n<p>En este tenor, el Presidente Municipal Alfonso Mart\u00ednez Alc\u00e1zar manifest\u00f3 su compromiso por preservar la seguridad de los morelianos, por lo que este \u00f3rgano desconcentrado apoyar\u00e1 lo que se viene realizando en materia de seguridad, en coordinaci\u00f3n con el Gobierno del Estado.<\/p>\n<p>De igual forma, Mart\u00ednez Alc\u00e1zar precis\u00f3 que esta acci\u00f3n se llev\u00f3 a cabo\u00a0 en el marco del convenio de Mando \u00danico, el cual\u00a0 tiene como prop\u00f3sito\u00a0 implementar la coordinaci\u00f3n de los cuerpos de seguridad p\u00fablica estatal y municipal, para la integraci\u00f3n de una fuerza operativa bajo el mando del Estado. Consecuentemente, la creaci\u00f3n de \u00e9ste nuevo \u00f3rgano, mejorar\u00e1 y potenciar\u00e1\u00a0 el cumplimiento de los objetivos establecidos en el convenio antes mencionado.<\/p>\n<p>Para concluir, el Alcalde moreliano subray\u00f3 que con la creaci\u00f3n de la Polic\u00eda de Morelia, la seguridad en la capital de Michoac\u00e1n ser\u00e1 fortalecida y habr\u00e1 mejores condiciones de desarrollo para los ciudadanos.<\/p>\n","protected":false},"excerpt":{"rendered":"<p>Con la finalidad de preservar el orden y la paz p\u00fablica,  prevenir los delitos y en su caso investigarlos bajo la conducci\u00f3n y mando del Ministerio P\u00fablico en t\u00e9rminos de la legislaci\u00f3n aplicable, <\/p>\n","protected":false},"author":1,"featured_media":20362,"comment_status":"open","ping_status":"open","sticky":false,"template":"","format":"standard","meta":{"footnotes":""},"categories":[14,9],"tags":[],"class_list":["post-20361","post","type-post","status-publish","format-standard","has-post-thumbnail","hentry","category-destacadas","category-morelia"],"_links":{"self":[{"href":"https:\/\/radiowebmx.com\/nota\/wp-json\/wp\/v2\/posts\/20361","targetHints":{"allow":["GET"]}}],"collection":[{"href":"https:\/\/radiowebmx.com\/nota\/wp-json\/wp\/v2\/posts"}],"about":[{"href":"https:\/\/radiowebmx.com\/nota\/wp-json\/wp\/v2\/types\/post"}],"author":[{"embeddable":true,"href":"https:\/\/radiowebmx.com\/nota\/wp-json\/wp\/v2\/users\/1"}],"replies":[{"embeddable":true,"href":"https:\/\/radiowebmx.com\/nota\/wp-json\/wp\/v2\/comments?post=20361"}],"version-history":[{"count":1,"href":"https:\/\/radiowebmx.com\/nota\/wp-json\/wp\/v2\/posts\/20361\/revisions"}],"predecessor-version":[{"id":20363,"href":"https:\/\/radiowebmx.com\/nota\/wp-json\/wp\/v2\/posts\/20361\/revisions\/20363"}],"wp:featuredmedia":[{"embeddable":true,"href":"https:\/\/radiowebmx.com\/nota\/wp-json\/wp\/v2\/media\/20362"}],"wp:attachment":[{"href":"https:\/\/radiowebmx.com\/nota\/wp-json\/wp\/v2\/media?parent=20361"}],"wp:term":[{"taxonomy":"category","embeddable":true,"href":"https:\/\/radiowebmx.com\/nota\/wp-json\/wp\/v2\/categories?post=20361"},{"taxonomy":"post_tag","embeddable":true,"href":"https:\/\/radiowebmx.com\/nota\/wp-json\/wp\/v2\/tags?post=20361"}],"curies":[{"name":"wp","href":"https:\/\/api.w.org\/{rel}","templated":true}]}}