{"id":20358,"date":"2015-12-16T11:20:54","date_gmt":"2015-12-16T17:20:54","guid":{"rendered":"https:\/\/radiowebmx.com\/nota\/?p=20358"},"modified":"2015-12-16T11:20:54","modified_gmt":"2015-12-16T17:20:54","slug":"se-pronuncia-alcalde-alfonso-martinez-a-favor-de-la-profesionalizacion-de-policias","status":"publish","type":"post","link":"https:\/\/radiowebmx.com\/nota\/se-pronuncia-alcalde-alfonso-martinez-a-favor-de-la-profesionalizacion-de-policias\/","title":{"rendered":"Se pronuncia Alcalde Alfonso Mart\u00ednez a favor de la profesionalizaci\u00f3n de polic\u00edas"},"content":{"rendered":"<p><a href=\"https:\/\/radiowebmx.com\/nota\/wp-content\/uploads\/2015\/12\/6d05c386-8d09-484d-9bf5-df5b888c62e4.jpg\"><img loading=\"lazy\" decoding=\"async\" class=\"alignleft size-full wp-image-20359\" src=\"https:\/\/radiowebmx.com\/nota\/wp-content\/uploads\/2015\/12\/6d05c386-8d09-484d-9bf5-df5b888c62e4.jpg\" alt=\"6d05c386-8d09-484d-9bf5-df5b888c62e4\" width=\"591\" height=\"331\" srcset=\"https:\/\/radiowebmx.com\/nota\/wp-content\/uploads\/2015\/12\/6d05c386-8d09-484d-9bf5-df5b888c62e4.jpg 591w, https:\/\/radiowebmx.com\/nota\/wp-content\/uploads\/2015\/12\/6d05c386-8d09-484d-9bf5-df5b888c62e4-300x168.jpg 300w, https:\/\/radiowebmx.com\/nota\/wp-content\/uploads\/2015\/12\/6d05c386-8d09-484d-9bf5-df5b888c62e4-284x158.jpg 284w, https:\/\/radiowebmx.com\/nota\/wp-content\/uploads\/2015\/12\/6d05c386-8d09-484d-9bf5-df5b888c62e4-128x72.jpg 128w\" sizes=\"auto, (max-width: 591px) 100vw, 591px\" \/><\/a>Tras fungir como testigo de la Firma de Convenio Marco para la Implementaci\u00f3n de la carrera de Ciencias de la Seguridad entre el Gobierno del Estado y la Universidad Michoacana de San Nicol\u00e1s de Hidalgo (UMSNH), el Presidente Municipal de Morelia, Alfonso Mart\u00ednez Alc\u00e1zar, celebr\u00f3 que ambas instituciones sumen esfuerzos para fortalecer m\u00e1s acciones de seguridad en la entidad, a trav\u00e9s de la formaci\u00f3n y capacitaci\u00f3n de los elementos de seguridad.<\/p>\n<p>En la firma del convenio encabezada por el Gobernador Silvano Aureoles Conejo, el rector de la M\u00e1xima Casa de Estudios de la entidad, Medardo Serna Gonz\u00e1lez, el presidente del Supremo Tribunal de Justicia del Estado, Juan Antonio Maga\u00f1a de la Mora, as\u00ed como funcionarios estatales, el Alcalde resalt\u00f3 al t\u00e9rmino del evento protocolario,\u00a0 que una polic\u00eda capacitada y profesional representa la base para garantizar el estado de derecho y reforzar la seguridad de los michoacanos.<\/p>\n<p>Puntualiz\u00f3 que el Ayuntamiento de Morelia siempre respaldar\u00e1 y estar\u00e1 a favor de las acciones que favorezcan a los morelianos, sobre todo en un tema tan sensible como lo es la seguridad.<\/p>\n<p>El representante de la comuna\u00a0 moreliana, aprovech\u00f3 para refrendar el compromiso del Ayuntamiento por tener una mejor polic\u00eda en beneficio de las familias del municipio.<\/p>\n<p>En su oportunidad el mandatario estatal, indic\u00f3 que este convenio ser\u00e1 de mucha utilidad para iniciar una nueva etapa en la vida institucional en Michoac\u00e1n en materia de seguridad p\u00fablica, sin embargo coment\u00f3 que la intenci\u00f3n es no s\u00f3lo quedarse en una carrera en Ciencias de la Seguridad, sino concretar una escuela en este rubro.<\/p>\n<p>Por su parte, el rector Medardo Serna, se\u00f1al\u00f3 que este proyecto tiene que ver con\u00a0 desarrollo social del estado, ya que la educaci\u00f3n y la seguridad representan dos pilares esenciales para lograr mejorar las condiciones de vida de la poblaci\u00f3n.<\/p>\n<p>En este tenor, precis\u00f3 que se formar\u00e1 a los elementos policiales en lo referente a la implementaci\u00f3n del nuevo Sistema de Justicia Penal y puedan realizar sus labores con apego a derecho y respetando los derechos humanos de los ciudadanos.<\/p>\n","protected":false},"excerpt":{"rendered":"<p>Tras fungir como testigo de la Firma de Convenio Marco para la Implementaci\u00f3n de la carrera de Ciencias de la Seguridad entre el Gobierno del Estado y la UMSNH, el Presidente Municipal de Morelia, Alfonso Mart\u00ednez Alc\u00e1zar, <\/p>\n","protected":false},"author":1,"featured_media":20359,"comment_status":"open","ping_status":"open","sticky":false,"template":"","format":"standard","meta":{"footnotes":""},"categories":[14,9],"tags":[],"class_list":["post-20358","post","type-post","status-publish","format-standard","has-post-thumbnail","hentry","category-destacadas","category-morelia"],"_links":{"self":[{"href":"https:\/\/radiowebmx.com\/nota\/wp-json\/wp\/v2\/posts\/20358","targetHints":{"allow":["GET"]}}],"collection":[{"href":"https:\/\/radiowebmx.com\/nota\/wp-json\/wp\/v2\/posts"}],"about":[{"href":"https:\/\/radiowebmx.com\/nota\/wp-json\/wp\/v2\/types\/post"}],"author":[{"embeddable":true,"href":"https:\/\/radiowebmx.com\/nota\/wp-json\/wp\/v2\/users\/1"}],"replies":[{"embeddable":true,"href":"https:\/\/radiowebmx.com\/nota\/wp-json\/wp\/v2\/comments?post=20358"}],"version-history":[{"count":1,"href":"https:\/\/radiowebmx.com\/nota\/wp-json\/wp\/v2\/posts\/20358\/revisions"}],"predecessor-version":[{"id":20360,"href":"https:\/\/radiowebmx.com\/nota\/wp-json\/wp\/v2\/posts\/20358\/revisions\/20360"}],"wp:featuredmedia":[{"embeddable":true,"href":"https:\/\/radiowebmx.com\/nota\/wp-json\/wp\/v2\/media\/20359"}],"wp:attachment":[{"href":"https:\/\/radiowebmx.com\/nota\/wp-json\/wp\/v2\/media?parent=20358"}],"wp:term":[{"taxonomy":"category","embeddable":true,"href":"https:\/\/radiowebmx.com\/nota\/wp-json\/wp\/v2\/categories?post=20358"},{"taxonomy":"post_tag","embeddable":true,"href":"https:\/\/radiowebmx.com\/nota\/wp-json\/wp\/v2\/tags?post=20358"}],"curies":[{"name":"wp","href":"https:\/\/api.w.org\/{rel}","templated":true}]}}