{"id":20355,"date":"2015-12-16T11:10:48","date_gmt":"2015-12-16T17:10:48","guid":{"rendered":"https:\/\/radiowebmx.com\/nota\/?p=20355"},"modified":"2015-12-16T11:10:48","modified_gmt":"2015-12-16T17:10:48","slug":"ayuntamiento-apoya-al-comercio-local-con-la-campana-haz-barrio-en-su-modalidad-de-bazar-navideno","status":"publish","type":"post","link":"https:\/\/radiowebmx.com\/nota\/ayuntamiento-apoya-al-comercio-local-con-la-campana-haz-barrio-en-su-modalidad-de-bazar-navideno\/","title":{"rendered":"Ayuntamiento apoya al comercio local con la campa\u00f1a Haz Barrio en su modalidad de bazar navide\u00f1o"},"content":{"rendered":"<div><a href=\"https:\/\/radiowebmx.com\/nota\/wp-content\/uploads\/2015\/12\/316dc6fc-f10a-402b-aa93-5be12f292373.jpg\"><img loading=\"lazy\" decoding=\"async\" class=\"alignleft size-full wp-image-20356\" src=\"https:\/\/radiowebmx.com\/nota\/wp-content\/uploads\/2015\/12\/316dc6fc-f10a-402b-aa93-5be12f292373.jpg\" alt=\"316dc6fc-f10a-402b-aa93-5be12f292373\" width=\"591\" height=\"304\" srcset=\"https:\/\/radiowebmx.com\/nota\/wp-content\/uploads\/2015\/12\/316dc6fc-f10a-402b-aa93-5be12f292373.jpg 591w, https:\/\/radiowebmx.com\/nota\/wp-content\/uploads\/2015\/12\/316dc6fc-f10a-402b-aa93-5be12f292373-300x154.jpg 300w\" sizes=\"auto, (max-width: 591px) 100vw, 591px\" \/><\/a>Con la finalidad de fortalecer el comercio local y tener una\u00a0 mayor cantidad de Mypymes, el Ayuntamiento de Morelia anunci\u00f3\u00a0 el bazar navide\u00f1o &#8220;Haz Barrio, juntos fortalezcamos al comercio de nuestra ciudad&#8221;, el cual se realizar\u00e1 del 18 al 20 de diciembre en el jard\u00edn del Orquidario en el Centro de Convenciones, con horario de las 11:00 a las 19:00 horas.\n<\/div>\n<div>En rueda de prensa, la secretaria de Fomento Econ\u00f3mico de la capital michoacana, Ireri Rivera Garc\u00eda,\u00a0 acompa\u00f1ada por el director de Canaco Servytur Morelia, Agust\u00edn Rebollar Cruz,\u00a0 el presidente de la Canirac Michoac\u00e1n, Arturo Sandoval Canals y el vicepresidente de Protocolo de la Canaco de la ciudad,\u00a0 Juan Due\u00f1as Gonz\u00e1lez, aseguraron que los espacios disponibles para productores y comerciantes\u00a0 es de alrededor de 100 para que los morelianos puedan adquirir regalos,\u00a0 alimentos,\u00a0 servicios y muchas\u00a0 sorpresas m\u00e1s a precios especiales y ofertas \u00fanicas.<\/p>\n<p>La encargada de la pol\u00edtica econ\u00f3mica del municipio inform\u00f3\u00a0 que la forma de participar para los empresarios, es muy f\u00e1cil mediante un registro gratuito en el portal de internet<a class=\"\" href=\"http:\/\/www.morelia.gob.mx\/\" target=\"\">www.morelia.gob.mx<\/a>, en el que se encontrar\u00e1 un banner de Haz Barrio o bien acudir a las oficinas de Sefeco, ubicadas en Manantiales en el M\u00f3dulo II y al tel\u00e9fono 3220711.<\/p>\n<p>Rivera Garc\u00eda hizo extensiva la invitaci\u00f3n\u00a0 a productores y comerciantes a sumarse a esta iniciativa,\u00a0 as\u00ed como la poblaci\u00f3n a que asista y pueda adquirir sus regalos navide\u00f1os\u00a0 incluso cenas para las diferentes fiestas decembrinas.<\/p>\n<p>El vicepresidente del Consejo Coordinador Empresarial y director de la Canaco Servytur Morelia,\u00a0 Agust\u00edn Rebollar Cruz manifest\u00f3\u00a0 el apoyo de la iniciativa privada al Ayuntamiento de Morelia para seguir en trabajos en conjunto y realiz\u00f3 un exhorto a la ciudadan\u00eda a comprar en comercios establecidos ya que esta acci\u00f3n genera empleos.<\/p>\n<p>Por su parte,\u00a0 Sandoval Canals destac\u00f3 \u00a0la importancia de impulsar la econom\u00eda local y promover los comercios que ya se tienen en la capital michoacana.<\/p><\/div>\n","protected":false},"excerpt":{"rendered":"<p>Con la finalidad de fortalecer el comercio local y tener una  mayor cantidad de Mypymes, el Ayuntamiento de Morelia anunci\u00f3  el bazar navide\u00f1o &#8220;Haz Barrio, juntos fortalezcamos al comercio de nuestra ciudad&#8221;<\/p>\n","protected":false},"author":1,"featured_media":20356,"comment_status":"open","ping_status":"open","sticky":false,"template":"","format":"standard","meta":{"footnotes":""},"categories":[14,9],"tags":[],"class_list":["post-20355","post","type-post","status-publish","format-standard","has-post-thumbnail","hentry","category-destacadas","category-morelia"],"_links":{"self":[{"href":"https:\/\/radiowebmx.com\/nota\/wp-json\/wp\/v2\/posts\/20355","targetHints":{"allow":["GET"]}}],"collection":[{"href":"https:\/\/radiowebmx.com\/nota\/wp-json\/wp\/v2\/posts"}],"about":[{"href":"https:\/\/radiowebmx.com\/nota\/wp-json\/wp\/v2\/types\/post"}],"author":[{"embeddable":true,"href":"https:\/\/radiowebmx.com\/nota\/wp-json\/wp\/v2\/users\/1"}],"replies":[{"embeddable":true,"href":"https:\/\/radiowebmx.com\/nota\/wp-json\/wp\/v2\/comments?post=20355"}],"version-history":[{"count":1,"href":"https:\/\/radiowebmx.com\/nota\/wp-json\/wp\/v2\/posts\/20355\/revisions"}],"predecessor-version":[{"id":20357,"href":"https:\/\/radiowebmx.com\/nota\/wp-json\/wp\/v2\/posts\/20355\/revisions\/20357"}],"wp:featuredmedia":[{"embeddable":true,"href":"https:\/\/radiowebmx.com\/nota\/wp-json\/wp\/v2\/media\/20356"}],"wp:attachment":[{"href":"https:\/\/radiowebmx.com\/nota\/wp-json\/wp\/v2\/media?parent=20355"}],"wp:term":[{"taxonomy":"category","embeddable":true,"href":"https:\/\/radiowebmx.com\/nota\/wp-json\/wp\/v2\/categories?post=20355"},{"taxonomy":"post_tag","embeddable":true,"href":"https:\/\/radiowebmx.com\/nota\/wp-json\/wp\/v2\/tags?post=20355"}],"curies":[{"name":"wp","href":"https:\/\/api.w.org\/{rel}","templated":true}]}}