{"id":20340,"date":"2015-12-15T11:30:59","date_gmt":"2015-12-15T17:30:59","guid":{"rendered":"https:\/\/radiowebmx.com\/nota\/?p=20340"},"modified":"2015-12-15T11:30:59","modified_gmt":"2015-12-15T17:30:59","slug":"invita-ayuntamiento-a-conferencia-magistral-los-ultimos-dias-del-siervo-de-la-nacion","status":"publish","type":"post","link":"https:\/\/radiowebmx.com\/nota\/invita-ayuntamiento-a-conferencia-magistral-los-ultimos-dias-del-siervo-de-la-nacion\/","title":{"rendered":"Invita Ayuntamiento a conferencia magistral \u201cLos \u00faltimos d\u00edas del Siervo de la Naci\u00f3n\u201d"},"content":{"rendered":"<p><a href=\"https:\/\/radiowebmx.com\/nota\/wp-content\/uploads\/2015\/12\/0bc18072-0bc4-4424-b64f-8cd9a7a01372.jpg\"><img loading=\"lazy\" decoding=\"async\" class=\"alignleft size-full wp-image-20342\" src=\"https:\/\/radiowebmx.com\/nota\/wp-content\/uploads\/2015\/12\/0bc18072-0bc4-4424-b64f-8cd9a7a01372.jpg\" alt=\"0bc18072-0bc4-4424-b64f-8cd9a7a01372\" width=\"591\" height=\"392\" srcset=\"https:\/\/radiowebmx.com\/nota\/wp-content\/uploads\/2015\/12\/0bc18072-0bc4-4424-b64f-8cd9a7a01372.jpg 591w, https:\/\/radiowebmx.com\/nota\/wp-content\/uploads\/2015\/12\/0bc18072-0bc4-4424-b64f-8cd9a7a01372-300x199.jpg 300w\" sizes=\"auto, (max-width: 591px) 100vw, 591px\" \/><\/a>Con el objetivo de dar a conocer a la ciudadan\u00eda la obra y legado del General\u00edsimo, la Comisi\u00f3n Especial Conmemorativa del Bicentenario Luctuoso de Don Jos\u00e9 Mar\u00eda Morelos y Pav\u00f3n en voz de la regidora, Mar\u00eda Elisa Garrido P\u00e9rez, invit\u00f3 a la conferencia magistral \u201cLos \u00faltimos d\u00edas del Siervo de la Naci\u00f3n\u201d, a cargo de la Dra. Patricia Galeana Herrera, directora del \u00a0Instituto Nacional de Estudios de las Revoluciones Hist\u00f3ricas, que se realizar\u00e1 este martes en el patio principal de Palacio Municipal al filo de las 18 horas.<\/p>\n<p>Patricia Galeana es historiadora, licenciada en Historia, maestra en Historia de M\u00e9xico y doctora en Estudios Latinoamericanos por la UNAM, adem\u00e1s es autora de 13 libros y coautora de 31 obras m\u00e1s sobre el tema\u00a0de historia pol\u00edtica.<\/p>\n<p>La conferencia magistral forma parte de al menos una decena de actividades que se tienen programadas por la comuna moreliana, dentro de la conmemoraci\u00f3n a este \u00a0personaje hist\u00f3rico y por quien recibe su nombre la ciudad de la cantera rosa.<\/p>\n<p>Mar\u00eda Elisa Garrido P\u00e9rez se\u00f1al\u00f3 que es primordial difundir la vida y obra de Morelos con la meta de que la ciudadan\u00eda \u00a0sea promotora del legado del Siervo de la Naci\u00f3n, para que en conjunto con el Gobierno municipal se logre consolidar la labor de este pr\u00f3cer de la Independencia.<\/p>\n<p>\u201cMuchos de los pensamientos de Morelos siguen vigentes en la actualidad, y sociedad y gobierno debemos trabajar juntos para cristalizar tales prop\u00f3sitos\u201d, destac\u00f3.<\/p>\n<p>Por otra parte, la regidora Mar\u00eda Elisa Garrido invit\u00f3 a la poblaci\u00f3n a asistir a la conferencia magistral que se realizar\u00e1 en el marco del Bicentenario Luctuoso del General\u00edsimo, el pr\u00f3ximo 22 de diciembre, en el que el Ayuntamiento de Morelia en conjunto con el Congreso del Estado, realizar\u00e1n el acto protocolario en la Casa Sitio de Morelos y \u00a0Sesi\u00f3n Solemne en la Casa Natal.<\/p>\n","protected":false},"excerpt":{"rendered":"<p>Con el objetivo de dar a conocer a la ciudadan\u00eda la obra y legado del General\u00edsimo, la Comisi\u00f3n Especial Conmemorativa del Bicentenario Luctuoso de Don Jos\u00e9 Mar\u00eda Morelos y Pav\u00f3n en voz de la regidora, Mar\u00eda Elisa Garrido P\u00e9rez, <\/p>\n","protected":false},"author":1,"featured_media":20342,"comment_status":"open","ping_status":"open","sticky":false,"template":"","format":"standard","meta":{"footnotes":""},"categories":[14,9],"tags":[],"class_list":["post-20340","post","type-post","status-publish","format-standard","has-post-thumbnail","hentry","category-destacadas","category-morelia"],"_links":{"self":[{"href":"https:\/\/radiowebmx.com\/nota\/wp-json\/wp\/v2\/posts\/20340","targetHints":{"allow":["GET"]}}],"collection":[{"href":"https:\/\/radiowebmx.com\/nota\/wp-json\/wp\/v2\/posts"}],"about":[{"href":"https:\/\/radiowebmx.com\/nota\/wp-json\/wp\/v2\/types\/post"}],"author":[{"embeddable":true,"href":"https:\/\/radiowebmx.com\/nota\/wp-json\/wp\/v2\/users\/1"}],"replies":[{"embeddable":true,"href":"https:\/\/radiowebmx.com\/nota\/wp-json\/wp\/v2\/comments?post=20340"}],"version-history":[{"count":1,"href":"https:\/\/radiowebmx.com\/nota\/wp-json\/wp\/v2\/posts\/20340\/revisions"}],"predecessor-version":[{"id":20343,"href":"https:\/\/radiowebmx.com\/nota\/wp-json\/wp\/v2\/posts\/20340\/revisions\/20343"}],"wp:featuredmedia":[{"embeddable":true,"href":"https:\/\/radiowebmx.com\/nota\/wp-json\/wp\/v2\/media\/20342"}],"wp:attachment":[{"href":"https:\/\/radiowebmx.com\/nota\/wp-json\/wp\/v2\/media?parent=20340"}],"wp:term":[{"taxonomy":"category","embeddable":true,"href":"https:\/\/radiowebmx.com\/nota\/wp-json\/wp\/v2\/categories?post=20340"},{"taxonomy":"post_tag","embeddable":true,"href":"https:\/\/radiowebmx.com\/nota\/wp-json\/wp\/v2\/tags?post=20340"}],"curies":[{"name":"wp","href":"https:\/\/api.w.org\/{rel}","templated":true}]}}