{"id":20337,"date":"2015-12-15T11:21:50","date_gmt":"2015-12-15T17:21:50","guid":{"rendered":"https:\/\/radiowebmx.com\/nota\/?p=20337"},"modified":"2015-12-15T11:23:48","modified_gmt":"2015-12-15T17:23:48","slug":"en-la-busqueda-de-dignificar-la-labor-artesanal-y-la-gastronomia-de-las-tenencias-de-morelia-el-ayuntamiento-anuncio-la-primer-feria-del-molcajete-en-san-nicolas-obispo-que-se-desarrollara-del-18-al","status":"publish","type":"post","link":"https:\/\/radiowebmx.com\/nota\/en-la-busqueda-de-dignificar-la-labor-artesanal-y-la-gastronomia-de-las-tenencias-de-morelia-el-ayuntamiento-anuncio-la-primer-feria-del-molcajete-en-san-nicolas-obispo-que-se-desarrollara-del-18-al\/","title":{"rendered":"IMUMO arranca taller de prevenci\u00f3n de muerte materna"},"content":{"rendered":"<p><a href=\"https:\/\/radiowebmx.com\/nota\/wp-content\/uploads\/2015\/12\/d8e5268d-7ea6-4a46-9968-0f87d5c78655.jpg\"><img loading=\"lazy\" decoding=\"async\" class=\"alignleft size-full wp-image-20338\" src=\"https:\/\/radiowebmx.com\/nota\/wp-content\/uploads\/2015\/12\/d8e5268d-7ea6-4a46-9968-0f87d5c78655.jpg\" alt=\"d8e5268d-7ea6-4a46-9968-0f87d5c78655\" width=\"591\" height=\"354\" srcset=\"https:\/\/radiowebmx.com\/nota\/wp-content\/uploads\/2015\/12\/d8e5268d-7ea6-4a46-9968-0f87d5c78655.jpg 591w, https:\/\/radiowebmx.com\/nota\/wp-content\/uploads\/2015\/12\/d8e5268d-7ea6-4a46-9968-0f87d5c78655-300x180.jpg 300w\" sizes=\"auto, (max-width: 591px) 100vw, 591px\" \/><\/a>Como muestra del compromiso del Ayuntamiento de Morelia por emprender acciones a favor de las mujeres de la capital del estado, el Instituto de la Mujer Moreliana (IMUMO), refuerza lazos de cooperaci\u00f3n y vinculaci\u00f3n con la Secretar\u00eda de la Mujer a trav\u00e9s del arranque del taller de Prevenci\u00f3n de la Mortalidad Materna, dirigido a profesionales de la salud del municipio.<\/p>\n<p>La directora de la paramunicipal, Carmen Alicia Ojeda D\u00e1vila, dio la bienvenida a los participantes en las instalaciones del IMUMO, refrendando su disposici\u00f3n de seguir trabajando de manera coordinada en la realizaci\u00f3n de actividades que fortalezcan el desarrollo integral de las mujeres.<\/p>\n<p>En este marco, la funcionaria municipal se\u00f1al\u00f3 que conscientes de que en algunas zonas del estado las mujeres tienen dif\u00edcil acceso a los servicios de salud, es fundamental capacitar y sensibilizar a los servidores p\u00fablicos en la materia, para difundir entre las mujeres que se acerquen al instituto sobre los riesgos del embarazo y las precauciones que deben tomar en cuenta.<\/p>\n<p>El curso que tiene por objetivo mejorar la salud materna de las mujeres en el municipio fue desarrollado por la doctora Cielo del Carmen\u00a0\u00a0P\u00e9rez Aguilar, coordinadora de salud reproductiva de la Jurisdicci\u00f3n Sanitaria de Salud No. 1 de la Secretar\u00eda de Salud de Gobierno del Estado y supervisado por la l\u00edder en Capacitaci\u00f3n de la Secretar\u00eda de la Mujer, Martha Elba Ceja.<\/p>\n<p>Ojeda D\u00e1vila, subray\u00f3 el inter\u00e9s del IMUMO por fortalecer las relaciones con dependencias estatales y federales, con la intenci\u00f3n de gestionar no s\u00f3lo cursos y talleres de capacitaci\u00f3n para el personal de esta dependencia, sino tambi\u00e9n proyectos que impacten en el bienestar de las mujeres morelianas.<\/p>\n","protected":false},"excerpt":{"rendered":"<p>Como muestra del compromiso del Ayuntamiento de Morelia por emprender acciones a favor de las mujeres de la capital del estado, el IMUMO, <\/p>\n","protected":false},"author":1,"featured_media":20338,"comment_status":"open","ping_status":"open","sticky":false,"template":"","format":"standard","meta":{"footnotes":""},"categories":[14,9],"tags":[],"class_list":["post-20337","post","type-post","status-publish","format-standard","has-post-thumbnail","hentry","category-destacadas","category-morelia"],"_links":{"self":[{"href":"https:\/\/radiowebmx.com\/nota\/wp-json\/wp\/v2\/posts\/20337","targetHints":{"allow":["GET"]}}],"collection":[{"href":"https:\/\/radiowebmx.com\/nota\/wp-json\/wp\/v2\/posts"}],"about":[{"href":"https:\/\/radiowebmx.com\/nota\/wp-json\/wp\/v2\/types\/post"}],"author":[{"embeddable":true,"href":"https:\/\/radiowebmx.com\/nota\/wp-json\/wp\/v2\/users\/1"}],"replies":[{"embeddable":true,"href":"https:\/\/radiowebmx.com\/nota\/wp-json\/wp\/v2\/comments?post=20337"}],"version-history":[{"count":2,"href":"https:\/\/radiowebmx.com\/nota\/wp-json\/wp\/v2\/posts\/20337\/revisions"}],"predecessor-version":[{"id":20341,"href":"https:\/\/radiowebmx.com\/nota\/wp-json\/wp\/v2\/posts\/20337\/revisions\/20341"}],"wp:featuredmedia":[{"embeddable":true,"href":"https:\/\/radiowebmx.com\/nota\/wp-json\/wp\/v2\/media\/20338"}],"wp:attachment":[{"href":"https:\/\/radiowebmx.com\/nota\/wp-json\/wp\/v2\/media?parent=20337"}],"wp:term":[{"taxonomy":"category","embeddable":true,"href":"https:\/\/radiowebmx.com\/nota\/wp-json\/wp\/v2\/categories?post=20337"},{"taxonomy":"post_tag","embeddable":true,"href":"https:\/\/radiowebmx.com\/nota\/wp-json\/wp\/v2\/tags?post=20337"}],"curies":[{"name":"wp","href":"https:\/\/api.w.org\/{rel}","templated":true}]}}