{"id":20334,"date":"2015-12-15T11:16:20","date_gmt":"2015-12-15T17:16:20","guid":{"rendered":"https:\/\/radiowebmx.com\/nota\/?p=20334"},"modified":"2015-12-15T11:16:20","modified_gmt":"2015-12-15T17:16:20","slug":"prepara-ayuntamiento-de-morelia-la-primer-feria-del-molcajete-en-san-nicolas-obispo","status":"publish","type":"post","link":"https:\/\/radiowebmx.com\/nota\/prepara-ayuntamiento-de-morelia-la-primer-feria-del-molcajete-en-san-nicolas-obispo\/","title":{"rendered":"Prepara Ayuntamiento de Morelia la Primer Feria del Molcajete en San Nicol\u00e1s Obispo"},"content":{"rendered":"<p class=\"ecxmsonormal\"><a href=\"https:\/\/radiowebmx.com\/nota\/wp-content\/uploads\/2015\/12\/a02db8f2-950d-472f-9b1c-a8d571a763c1.jpg\"><img loading=\"lazy\" decoding=\"async\" class=\"alignleft size-full wp-image-20335\" src=\"https:\/\/radiowebmx.com\/nota\/wp-content\/uploads\/2015\/12\/a02db8f2-950d-472f-9b1c-a8d571a763c1.jpg\" alt=\"a02db8f2-950d-472f-9b1c-a8d571a763c1\" width=\"591\" height=\"305\" srcset=\"https:\/\/radiowebmx.com\/nota\/wp-content\/uploads\/2015\/12\/a02db8f2-950d-472f-9b1c-a8d571a763c1.jpg 591w, https:\/\/radiowebmx.com\/nota\/wp-content\/uploads\/2015\/12\/a02db8f2-950d-472f-9b1c-a8d571a763c1-300x155.jpg 300w\" sizes=\"auto, (max-width: 591px) 100vw, 591px\" \/><\/a>En la b\u00fasqueda de dignificar la labor artesanal y la gastronom\u00eda de las Tenencias de Morelia, el Ayuntamiento anunci\u00f3 la Primer Feria del Molcajete en San Nicol\u00e1s Obispo, que se desarrollar\u00e1 del 18 al 20 de diciembre, en la cual se contar\u00e1 con la participaci\u00f3n de 80 artesanos y 34 m\u00f3dulos de venta.<\/p>\n<p class=\"ecxmsonormal\">\u00a0En rueda de prensa, la secretaria de Turismo y Cultura, Thelma Aquique Arrieta, acompa\u00f1ada por el secretario de Servicios P\u00fablicos Municipales, Jos\u00e9 Luis Gil V\u00e1zquez, el jefe de tenencia, Luciano Mart\u00ednez Mart\u00ednez y el artesano, Cecilio Calder\u00f3n confirm\u00f3 la realizaci\u00f3n de varios eventos culturales y art\u00edsticos, entre ellos el concurso de la mejor salsa.<\/p>\n<p class=\"ecxmsonormal\">\u00a0Como parte de las pol\u00edticas que impulsa el Ayuntamiento que encabeza el Alcalde, Alfonso Mart\u00ednez Alc\u00e1zar para detonar la econom\u00eda de una forma integral, que arrope a las Tenencias de la capital de Michoac\u00e1n, dicha actividad busca posicionar el molcajete y el metate a trav\u00e9s de la gastronom\u00eda, por lo cual la \u00a0premiaci\u00f3n ser\u00e1 simb\u00f3lica y contar\u00e1 con tres categor\u00edas: La m\u00e1s picosa, salsa libre y otra salsa de mucho sabor.<\/p>\n<p class=\"ecxmsonormal\">\u00a0Aquique Arrieta \u00a0record\u00f3 que la tenencia de San Nicol\u00e1s de Obispo no s\u00f3lo ofrece \u00a0al asistente molcajetes y metates, ya que su oferta comprende una variedad de artesan\u00edas con caracter\u00edsticas muy especiales que se podr\u00e1n observar y adquirir durante esta primera feria.<\/p>\n<p class=\"ecxmsonormal\">\u00a0En su intervenci\u00f3n, el secretario de Servicios P\u00fablicos Municipales, Jos\u00e9 Luis Gil V\u00e1zquez, destac\u00f3 que dicho evento ser\u00e1 una vitrina importante para Morelia por el fomento de la cultura y la oportunidad que representa posicionar el molcajete y el metate en el mercado internacional, ya que estas herramientas de cocina son muy apreciadas en otros pa\u00edses.<\/p>\n<p class=\"ecxmsonormal\">\u00a0El secretario de Servicios P\u00fablicos Municipales resalt\u00f3 que el trabajo para realizar estas piezas es arduo, debido a que se requiere tiempo y experiencia para labrar la piedra volc\u00e1nica, lo cual convierte a estas artesan\u00edas en algo \u00fanico que merece un escaparate especial.<\/p>\n<p class=\"ecxmsonormal\">\u00a0Gil V\u00e1zquez inform\u00f3 que la Secretar\u00eda a su cargo apoyar\u00e1 directamente con el reforzamiento de los servicios como el alumbrado p\u00fablico, el aseo, el pante\u00f3n, embellecimiento de parques y jardines.<\/p>\n<p class=\"ecxmsonormal\">\u00a0En tanto, el jefe de Tenencia de San Nicol\u00e1s de Obispo, Luciano Mart\u00ednez Mart\u00ednez y el artesano Cecilio Calder\u00f3n Mart\u00ednez agradecieron \u00a0a las autoridades municipales por consolidar esta feria que sin duda les abrir\u00e1 las puertas a otros mercados y promover\u00e1 los atractivos que ofrece esta zona de la capital de Michoac\u00e1n.<\/p>\n","protected":false},"excerpt":{"rendered":"<p>En la b\u00fasqueda de dignificar la labor artesanal y la gastronom\u00eda de las Tenencias de Morelia, el Ayuntamiento anunci\u00f3 la Primer Feria del Molcajete en San Nicol\u00e1s Obispo, que se desarrollar\u00e1 del 18 al 20 de diciembre, <\/p>\n","protected":false},"author":1,"featured_media":20335,"comment_status":"open","ping_status":"open","sticky":false,"template":"","format":"standard","meta":{"footnotes":""},"categories":[14,9],"tags":[],"class_list":["post-20334","post","type-post","status-publish","format-standard","has-post-thumbnail","hentry","category-destacadas","category-morelia"],"_links":{"self":[{"href":"https:\/\/radiowebmx.com\/nota\/wp-json\/wp\/v2\/posts\/20334","targetHints":{"allow":["GET"]}}],"collection":[{"href":"https:\/\/radiowebmx.com\/nota\/wp-json\/wp\/v2\/posts"}],"about":[{"href":"https:\/\/radiowebmx.com\/nota\/wp-json\/wp\/v2\/types\/post"}],"author":[{"embeddable":true,"href":"https:\/\/radiowebmx.com\/nota\/wp-json\/wp\/v2\/users\/1"}],"replies":[{"embeddable":true,"href":"https:\/\/radiowebmx.com\/nota\/wp-json\/wp\/v2\/comments?post=20334"}],"version-history":[{"count":1,"href":"https:\/\/radiowebmx.com\/nota\/wp-json\/wp\/v2\/posts\/20334\/revisions"}],"predecessor-version":[{"id":20336,"href":"https:\/\/radiowebmx.com\/nota\/wp-json\/wp\/v2\/posts\/20334\/revisions\/20336"}],"wp:featuredmedia":[{"embeddable":true,"href":"https:\/\/radiowebmx.com\/nota\/wp-json\/wp\/v2\/media\/20335"}],"wp:attachment":[{"href":"https:\/\/radiowebmx.com\/nota\/wp-json\/wp\/v2\/media?parent=20334"}],"wp:term":[{"taxonomy":"category","embeddable":true,"href":"https:\/\/radiowebmx.com\/nota\/wp-json\/wp\/v2\/categories?post=20334"},{"taxonomy":"post_tag","embeddable":true,"href":"https:\/\/radiowebmx.com\/nota\/wp-json\/wp\/v2\/tags?post=20334"}],"curies":[{"name":"wp","href":"https:\/\/api.w.org\/{rel}","templated":true}]}}