{"id":20330,"date":"2015-12-14T13:59:08","date_gmt":"2015-12-14T19:59:08","guid":{"rendered":"https:\/\/radiowebmx.com\/nota\/?p=20330"},"modified":"2015-12-14T13:59:08","modified_gmt":"2015-12-14T19:59:08","slug":"ofrece-gobierno-municipal-coordinacion-con-estado-para-trabajar-a-favor-de-la-ninez","status":"publish","type":"post","link":"https:\/\/radiowebmx.com\/nota\/ofrece-gobierno-municipal-coordinacion-con-estado-para-trabajar-a-favor-de-la-ninez\/","title":{"rendered":"Ofrece Gobierno Municipal coordinaci\u00f3n con Estado para trabajar a favor de la ni\u00f1ez"},"content":{"rendered":"<p><a href=\"https:\/\/radiowebmx.com\/nota\/wp-content\/uploads\/2015\/12\/fde94630-739e-4a95-bad6-1a91ed2c10de.jpg\"><img loading=\"lazy\" decoding=\"async\" class=\"alignleft size-full wp-image-20331\" src=\"https:\/\/radiowebmx.com\/nota\/wp-content\/uploads\/2015\/12\/fde94630-739e-4a95-bad6-1a91ed2c10de.jpg\" alt=\"fde94630-739e-4a95-bad6-1a91ed2c10de\" width=\"591\" height=\"343\" srcset=\"https:\/\/radiowebmx.com\/nota\/wp-content\/uploads\/2015\/12\/fde94630-739e-4a95-bad6-1a91ed2c10de.jpg 591w, https:\/\/radiowebmx.com\/nota\/wp-content\/uploads\/2015\/12\/fde94630-739e-4a95-bad6-1a91ed2c10de-300x174.jpg 300w\" sizes=\"auto, (max-width: 591px) 100vw, 591px\" \/><\/a>Con el objetivo de mejorar la situaci\u00f3n de vulnerabilidad en la que viven los ni\u00f1os de algunas zonas de Morelia, el Presidente Municipal, Alfonso Mart\u00ednez Alc\u00e1zar asegur\u00f3 que su Gobierno velar\u00e1 por el bienestar de la ni\u00f1ez al crear pol\u00edticas p\u00fablicas para mejorar sus condiciones de desarrollo.<\/p>\n<p>En este sentido, refiri\u00f3 que se buscar\u00e1n acuerdos entre el Gobierno del Estado y el municipio para coadyuvar en mejorar la situaci\u00f3n de los ni\u00f1os y adolescentes que no cuentan con las oportunidades b\u00e1sicas para recibir educaci\u00f3n, vestido o alimentaci\u00f3n en la capital de Michoac\u00e1n.<\/p>\n<p>Destac\u00f3 que es prioridad para la presente Administraci\u00f3n, es que las instancias que tienen la responsabilidad de impulsar programas sociales para este sector de la sociedad, intensifiquen las gestiones y atiendan de manera integral a quienes viven en un contexto de vulnerabilidad.<\/p>\n<p>Cabe mencionar que el Alcalde asisti\u00f3 como invitado a la Firma de Adhesi\u00f3n a la Iniciativa 10 X la Infancia Michoac\u00e1n, la cual se desarroll\u00f3 en Casa de Gobierno y a la que asistieron Silvano Aureoles titular del Poder Ejecutivo, Raymundo Ortega, Presidente del Poder Judicial, Juan Antonio Maga\u00f1a de la Mora, Presidente del Poder Judicial, as\u00ed como Adri\u00e1n L\u00f3pez Sol\u00eds, secretario de gobierno, Roc\u00edo Beamonte directora del DIF Estatal, la representante de la UNICEF Isabel Crowley y Juan Mart\u00edn P\u00e9rez Garc\u00eda, director Ejecutivo de la Red por los Derechos de la Infancia en M\u00e9xico.<\/p>\n<p>Alfonso Mart\u00ednez Alc\u00e1zar,\u00a0 enfatiz\u00f3 que su Gobierno se encuentra ocupado en buscar el bienestar de los morelianos, sobre todo de quienes son el futuro del municipio, por lo que buscar\u00e1 implementar los mecanismos necesarios para fortalecer este sector, pero para lo cual tambi\u00e9n es importante la colaboraci\u00f3n de los diferentes \u00f3rdenes de Gobierno.<\/p>\n","protected":false},"excerpt":{"rendered":"<p>Con el objetivo de mejorar la situaci\u00f3n de vulnerabilidad en la que viven los ni\u00f1os de algunas zonas de Morelia, el Presidente Municipal, <\/p>\n","protected":false},"author":1,"featured_media":20331,"comment_status":"open","ping_status":"open","sticky":false,"template":"","format":"standard","meta":{"footnotes":""},"categories":[14,9],"tags":[],"class_list":["post-20330","post","type-post","status-publish","format-standard","has-post-thumbnail","hentry","category-destacadas","category-morelia"],"_links":{"self":[{"href":"https:\/\/radiowebmx.com\/nota\/wp-json\/wp\/v2\/posts\/20330","targetHints":{"allow":["GET"]}}],"collection":[{"href":"https:\/\/radiowebmx.com\/nota\/wp-json\/wp\/v2\/posts"}],"about":[{"href":"https:\/\/radiowebmx.com\/nota\/wp-json\/wp\/v2\/types\/post"}],"author":[{"embeddable":true,"href":"https:\/\/radiowebmx.com\/nota\/wp-json\/wp\/v2\/users\/1"}],"replies":[{"embeddable":true,"href":"https:\/\/radiowebmx.com\/nota\/wp-json\/wp\/v2\/comments?post=20330"}],"version-history":[{"count":1,"href":"https:\/\/radiowebmx.com\/nota\/wp-json\/wp\/v2\/posts\/20330\/revisions"}],"predecessor-version":[{"id":20332,"href":"https:\/\/radiowebmx.com\/nota\/wp-json\/wp\/v2\/posts\/20330\/revisions\/20332"}],"wp:featuredmedia":[{"embeddable":true,"href":"https:\/\/radiowebmx.com\/nota\/wp-json\/wp\/v2\/media\/20331"}],"wp:attachment":[{"href":"https:\/\/radiowebmx.com\/nota\/wp-json\/wp\/v2\/media?parent=20330"}],"wp:term":[{"taxonomy":"category","embeddable":true,"href":"https:\/\/radiowebmx.com\/nota\/wp-json\/wp\/v2\/categories?post=20330"},{"taxonomy":"post_tag","embeddable":true,"href":"https:\/\/radiowebmx.com\/nota\/wp-json\/wp\/v2\/tags?post=20330"}],"curies":[{"name":"wp","href":"https:\/\/api.w.org\/{rel}","templated":true}]}}