{"id":20321,"date":"2015-12-14T13:21:13","date_gmt":"2015-12-14T19:21:13","guid":{"rendered":"https:\/\/radiowebmx.com\/nota\/?p=20321"},"modified":"2015-12-14T13:21:13","modified_gmt":"2015-12-14T19:21:13","slug":"ayuntamiento-enaltecera-25-aniversario-de-declaratoria-de-centro-historico-como-patrimonio-mundial","status":"publish","type":"post","link":"https:\/\/radiowebmx.com\/nota\/ayuntamiento-enaltecera-25-aniversario-de-declaratoria-de-centro-historico-como-patrimonio-mundial\/","title":{"rendered":"Ayuntamiento enaltecer\u00e1 25 Aniversario de Declaratoria de Centro Hist\u00f3rico como Patrimonio Mundial"},"content":{"rendered":"<p><a href=\"https:\/\/radiowebmx.com\/nota\/wp-content\/uploads\/2015\/12\/28f57c24-5b0f-45cf-a37a-88acac2d3ef1.jpg\"><img loading=\"lazy\" decoding=\"async\" class=\"alignleft size-full wp-image-20322\" src=\"https:\/\/radiowebmx.com\/nota\/wp-content\/uploads\/2015\/12\/28f57c24-5b0f-45cf-a37a-88acac2d3ef1.jpg\" alt=\"28f57c24-5b0f-45cf-a37a-88acac2d3ef1\" width=\"591\" height=\"360\" srcset=\"https:\/\/radiowebmx.com\/nota\/wp-content\/uploads\/2015\/12\/28f57c24-5b0f-45cf-a37a-88acac2d3ef1.jpg 591w, https:\/\/radiowebmx.com\/nota\/wp-content\/uploads\/2015\/12\/28f57c24-5b0f-45cf-a37a-88acac2d3ef1-300x183.jpg 300w\" sizes=\"auto, (max-width: 591px) 100vw, 591px\" \/><\/a>Autoridades municipales conmemoraron el XXIV Aniversario de la Declaratoria del Centro Hist\u00f3rico de Morelia como Patrimonio Mundial por la UNESCO, en cuyo marco anunciaron las actividades que se desarrollar\u00e1n durante el 2016 para celebrar los 25 a\u00f1os de esta distinci\u00f3n tan importante.<\/p>\n<p>Reunidos en la placa conmemorativa que se encuentra en el Centro de la ciudad, el Secretario del Ayuntamiento, Jes\u00fas \u00c1valos Plata, regidores, secretarios municipales, directores y jefes de departamento, encabezaron el acto alusivo al aniversario de dicha declaratoria.<\/p>\n<p>En su discurso, Jes\u00fas \u00c1valos subray\u00f3 que por el intercambio de valores reflejados en el Centro Hist\u00f3rico de Morelia, su belleza arquitect\u00f3nica y por su gran trascendencia en la historia del pa\u00eds, le fue otorgado el reconocimiento mundial que la capital de Michoac\u00e1n merece.<\/p>\n<p>&#8220;La historia y los hechos que dieron forma a Morelia est\u00e1n grabados en nuestro Centro Hist\u00f3rico; en sus majestuosos edificios, en sus plazas y calles, pero sobre todo en su gente, en los morelianos, en nosotros se mantiene viva la memoria de nuestros antepasados\u201d, indic\u00f3.<\/p>\n<p>El encargado de la pol\u00edtica interna de la administraci\u00f3n municipal, hizo un llamado a todos los morelianos a cumplir con la responsabilidad hist\u00f3rica, &#8220;para que nuestras hijas e hijos, y las generaciones futuras, puedan tambi\u00e9n disfrutar de la belleza de estos edificios, de sus plazas, calles y callejones.&#8221;<\/p>\n","protected":false},"excerpt":{"rendered":"<p>Autoridades municipales conmemoraron el XXIV Aniversario de la Declaratoria del Centro Hist\u00f3rico de Morelia como Patrimonio Mundial por la UNESCO, <\/p>\n","protected":false},"author":1,"featured_media":20322,"comment_status":"open","ping_status":"open","sticky":false,"template":"","format":"standard","meta":{"footnotes":""},"categories":[14,9],"tags":[],"class_list":["post-20321","post","type-post","status-publish","format-standard","has-post-thumbnail","hentry","category-destacadas","category-morelia"],"_links":{"self":[{"href":"https:\/\/radiowebmx.com\/nota\/wp-json\/wp\/v2\/posts\/20321","targetHints":{"allow":["GET"]}}],"collection":[{"href":"https:\/\/radiowebmx.com\/nota\/wp-json\/wp\/v2\/posts"}],"about":[{"href":"https:\/\/radiowebmx.com\/nota\/wp-json\/wp\/v2\/types\/post"}],"author":[{"embeddable":true,"href":"https:\/\/radiowebmx.com\/nota\/wp-json\/wp\/v2\/users\/1"}],"replies":[{"embeddable":true,"href":"https:\/\/radiowebmx.com\/nota\/wp-json\/wp\/v2\/comments?post=20321"}],"version-history":[{"count":1,"href":"https:\/\/radiowebmx.com\/nota\/wp-json\/wp\/v2\/posts\/20321\/revisions"}],"predecessor-version":[{"id":20323,"href":"https:\/\/radiowebmx.com\/nota\/wp-json\/wp\/v2\/posts\/20321\/revisions\/20323"}],"wp:featuredmedia":[{"embeddable":true,"href":"https:\/\/radiowebmx.com\/nota\/wp-json\/wp\/v2\/media\/20322"}],"wp:attachment":[{"href":"https:\/\/radiowebmx.com\/nota\/wp-json\/wp\/v2\/media?parent=20321"}],"wp:term":[{"taxonomy":"category","embeddable":true,"href":"https:\/\/radiowebmx.com\/nota\/wp-json\/wp\/v2\/categories?post=20321"},{"taxonomy":"post_tag","embeddable":true,"href":"https:\/\/radiowebmx.com\/nota\/wp-json\/wp\/v2\/tags?post=20321"}],"curies":[{"name":"wp","href":"https:\/\/api.w.org\/{rel}","templated":true}]}}