{"id":20318,"date":"2015-12-14T13:18:34","date_gmt":"2015-12-14T19:18:34","guid":{"rendered":"https:\/\/radiowebmx.com\/nota\/?p=20318"},"modified":"2015-12-14T13:18:34","modified_gmt":"2015-12-14T19:18:34","slug":"se-cumplira-con-las-250-acciones-del-plan-michoacan-en-2016-con-el-despliegue-de-8-mil-millones-de-pesos-para-esa-entidad-meade-kuribrena","status":"publish","type":"post","link":"https:\/\/radiowebmx.com\/nota\/se-cumplira-con-las-250-acciones-del-plan-michoacan-en-2016-con-el-despliegue-de-8-mil-millones-de-pesos-para-esa-entidad-meade-kuribrena\/","title":{"rendered":"Se cumplir\u00e1 con las 250 acciones del Plan Michoac\u00e1n en 2016 con el despliegue de 8 mil millones de pesos para esa entidad: Meade Kuribre\u00f1a"},"content":{"rendered":"<p class=\"ecxMsoNormal\"><a href=\"https:\/\/radiowebmx.com\/nota\/wp-content\/uploads\/2015\/12\/FOTO-2-Secretario-Meade-durante-la-instauraci\u00f3n-del-nombre-del-general-L\u00e1zaro-C\u00e1rdenas-Del-R\u00edo-a-la-planta-Liconsa-en-Jiquilpan-Michoac\u00e1n.jpg\"><img loading=\"lazy\" decoding=\"async\" class=\"alignleft size-full wp-image-20319\" src=\"https:\/\/radiowebmx.com\/nota\/wp-content\/uploads\/2015\/12\/FOTO-2-Secretario-Meade-durante-la-instauraci\u00f3n-del-nombre-del-general-L\u00e1zaro-C\u00e1rdenas-Del-R\u00edo-a-la-planta-Liconsa-en-Jiquilpan-Michoac\u00e1n.jpg\" alt=\"FOTO 2 Secretario Meade  durante la instauraci\u00f3n del nombre del general L\u00e1zaro C\u00e1rdenas Del R\u00edo a la planta Liconsa en Jiquilpan, Michoac\u00e1n\" width=\"591\" height=\"324\" srcset=\"https:\/\/radiowebmx.com\/nota\/wp-content\/uploads\/2015\/12\/FOTO-2-Secretario-Meade-durante-la-instauraci\u00f3n-del-nombre-del-general-L\u00e1zaro-C\u00e1rdenas-Del-R\u00edo-a-la-planta-Liconsa-en-Jiquilpan-Michoac\u00e1n.jpg 591w, https:\/\/radiowebmx.com\/nota\/wp-content\/uploads\/2015\/12\/FOTO-2-Secretario-Meade-durante-la-instauraci\u00f3n-del-nombre-del-general-L\u00e1zaro-C\u00e1rdenas-Del-R\u00edo-a-la-planta-Liconsa-en-Jiquilpan-Michoac\u00e1n-300x164.jpg 300w\" sizes=\"auto, (max-width: 591px) 100vw, 591px\" \/><\/a>El secretario de Desarrollo Social, Jos\u00e9 Antonio Meade Kuribre\u00f1a, dijo que en 2016 se dar\u00e1 cumplimiento a las 250 acciones del Programa Especial para Michoac\u00e1n, que incluye el despliegue de recursos por m\u00e1s de 8 mil millones de pesos para reactivar la regi\u00f3n y, por primera vez en la historia del estado, garantizar el abasto social de leche a sus 113 municipios.<\/p>\n<p class=\"ecxMsoNormal\">\u201cSe le ha venido dando cumplimiento a este programa, hemos tenido resultados importantes, seguimos teniendo pendientes y retos relevantes, y queremos desahogarlos bien coordinados con el gobierno del estado y los presidentes municipales, y adem\u00e1s involucrar a la sociedad civil y al sector empresarial\u201d, sostuvo.<\/p>\n<p class=\"ecxMsoNormal\">En este municipio, lugar de nacimiento del general L\u00e1zaro C\u00e1rdenas del R\u00edo, el titular de Sedesol encabez\u00f3 la ceremonia de instauraci\u00f3n del nombre del ex presidente de M\u00e9xico en la planta de distribuci\u00f3n de leche Liconsa, que abastece del l\u00e1cteo a un padr\u00f3n de 234 mil beneficiarios a nivel estatal.<\/p>\n<p class=\"ecxMsoNormal\">\u201cLo que aqu\u00ed vimos hoy con Liconsa, es un programa importante en apoyo de la econom\u00eda de la regi\u00f3n: 1006 ganaderos que nos abastecen con su producto; 420 millones de pesos en recursos y por primera vez en la historia cobertura del programa de leche a los 113 municipios de Michoac\u00e1n\u201d resalt\u00f3 el funcionario federal.<\/p>\n<p class=\"ecxMsoNormal\">Acompa\u00f1ado por Cuauht\u00e9moc C\u00e1rdenas Sol\u00f3rzano, ex jefe de Gobierno del Distrito Federal, y por el director general de Liconsa, H\u00e9ctor Pablo Ram\u00edrez Puga, resalt\u00f3 que el objetivo principal es generar una mejor inclusi\u00f3n para tener mejor prosperidad.<\/p>\n<p class=\"ecxMsoNormal\">\u201cHabremos de desplegarnos con un presupuesto el a\u00f1o que entra muy parecido al que tuvimos este a\u00f1o en el estado de Michoac\u00e1n, eso implicar\u00e1 que sumando en Prospera los recursos de educaci\u00f3n y tomando en consideraci\u00f3n el Fondo de Aportaciones para Infraestructura Social, habr\u00e1 un despliegue de recursos superior a los 8 mil millones de pesos\u201d, precis\u00f3.<\/p>\n<p class=\"ecxMsoNormal\">Meade Kuribre\u00f1a dijo que se mantendr\u00e1 el ritmo positivo de los programas bajo el control de la Secretar\u00eda a su cargo, que implica un despliegue importante en beneficio de las familias de Prospera, los beneficiarios de Liconsa y Diconsa, Adultos Mayores y el Programa 3 x 1 para migrantes.<\/p>\n<p class=\"ecxMsoNormal\">Explic\u00f3 que planta que hoy lleva el nombre del general L\u00e1zaro C\u00e1rdenas del R\u00edo, produjo m\u00e1s de 73 millones de litros, y el a\u00f1o que entra prev\u00e9 producir 75 millones de litros que aseguran el abasto social de leche en Michoac\u00e1n Guanajuato, San Luis Potos\u00ed y en Aguascalientes.<\/p>\n<p class=\"ecxMsoNormal\">Es una planta que acopia leche de m\u00e1s de mil ganaderos de las cuencas lecheras de Chapala y del Valle de Morelia. Con cargo a esta planta se derraman en esta zona m\u00e1s de 420 millones de pesos en recursos.<\/p>\n<p class=\"ecxMsoNormal\">Meade Kuribre\u00f1a, destac\u00f3 el legado de L\u00e1zaro C\u00e1rdenas como un infatigable promotor del desarrollo de M\u00e9xico y del bienestar de todos los mexicanos, sin importar su origen, etnia, clase social o credo pol\u00edtico.<\/p>\n","protected":false},"excerpt":{"rendered":"<p>El secretario de Desarrollo Social, Jos\u00e9 Antonio Meade Kuribre\u00f1a, dijo que en 2016 se dar\u00e1 cumplimiento a las 250 acciones del Programa Especial para Michoac\u00e1n, <\/p>\n","protected":false},"author":1,"featured_media":20319,"comment_status":"open","ping_status":"open","sticky":false,"template":"","format":"standard","meta":{"footnotes":""},"categories":[14,3],"tags":[],"class_list":["post-20318","post","type-post","status-publish","format-standard","has-post-thumbnail","hentry","category-destacadas","category-gobierno-del-estado-de-michoacan"],"_links":{"self":[{"href":"https:\/\/radiowebmx.com\/nota\/wp-json\/wp\/v2\/posts\/20318","targetHints":{"allow":["GET"]}}],"collection":[{"href":"https:\/\/radiowebmx.com\/nota\/wp-json\/wp\/v2\/posts"}],"about":[{"href":"https:\/\/radiowebmx.com\/nota\/wp-json\/wp\/v2\/types\/post"}],"author":[{"embeddable":true,"href":"https:\/\/radiowebmx.com\/nota\/wp-json\/wp\/v2\/users\/1"}],"replies":[{"embeddable":true,"href":"https:\/\/radiowebmx.com\/nota\/wp-json\/wp\/v2\/comments?post=20318"}],"version-history":[{"count":1,"href":"https:\/\/radiowebmx.com\/nota\/wp-json\/wp\/v2\/posts\/20318\/revisions"}],"predecessor-version":[{"id":20320,"href":"https:\/\/radiowebmx.com\/nota\/wp-json\/wp\/v2\/posts\/20318\/revisions\/20320"}],"wp:featuredmedia":[{"embeddable":true,"href":"https:\/\/radiowebmx.com\/nota\/wp-json\/wp\/v2\/media\/20319"}],"wp:attachment":[{"href":"https:\/\/radiowebmx.com\/nota\/wp-json\/wp\/v2\/media?parent=20318"}],"wp:term":[{"taxonomy":"category","embeddable":true,"href":"https:\/\/radiowebmx.com\/nota\/wp-json\/wp\/v2\/categories?post=20318"},{"taxonomy":"post_tag","embeddable":true,"href":"https:\/\/radiowebmx.com\/nota\/wp-json\/wp\/v2\/tags?post=20318"}],"curies":[{"name":"wp","href":"https:\/\/api.w.org\/{rel}","templated":true}]}}