{"id":20312,"date":"2015-12-14T13:13:58","date_gmt":"2015-12-14T19:13:58","guid":{"rendered":"https:\/\/radiowebmx.com\/nota\/?p=20312"},"modified":"2015-12-14T13:14:11","modified_gmt":"2015-12-14T19:14:11","slug":"prevenir-es-cerrar-el-paso-a-la-delincuencia-segob","status":"publish","type":"post","link":"https:\/\/radiowebmx.com\/nota\/prevenir-es-cerrar-el-paso-a-la-delincuencia-segob\/","title":{"rendered":"PREVENIR ES CERRAR EL PASO A LA DELINCUENCIA: SEGOB"},"content":{"rendered":"<p class=\"\"><a href=\"https:\/\/radiowebmx.com\/nota\/wp-content\/uploads\/2015\/12\/4dcdcea9-a2bf-4e52-9e8f-805d9e5943ad.jpg\"><img loading=\"lazy\" decoding=\"async\" class=\"alignleft size-full wp-image-20313\" src=\"https:\/\/radiowebmx.com\/nota\/wp-content\/uploads\/2015\/12\/4dcdcea9-a2bf-4e52-9e8f-805d9e5943ad.jpg\" alt=\"4dcdcea9-a2bf-4e52-9e8f-805d9e5943ad\" width=\"591\" height=\"344\" srcset=\"https:\/\/radiowebmx.com\/nota\/wp-content\/uploads\/2015\/12\/4dcdcea9-a2bf-4e52-9e8f-805d9e5943ad.jpg 591w, https:\/\/radiowebmx.com\/nota\/wp-content\/uploads\/2015\/12\/4dcdcea9-a2bf-4e52-9e8f-805d9e5943ad-300x175.jpg 300w\" sizes=\"auto, (max-width: 591px) 100vw, 591px\" \/><\/a>La Secretar\u00eda de Gobernaci\u00f3n ha impulsado un trabajo cercano con j\u00f3venes l\u00edderes, colectivos y representantes de organizaciones de la sociedad civil, quienes, a partir de la Red Nacional VIRAL, trabajan activamente en proyectos con componentes de prevenci\u00f3n social de la violencia, empoderamiento juvenil y liderazgo.<\/p>\n<p class=\"\">VIRAL es una Red Nacional de j\u00f3venes, que surge en 2012 y est\u00e1 integrada por asociaciones civiles, colectivos y l\u00edderes juveniles de todo el pa\u00eds, que trabajan activamente en proyectos con componentes de prevenci\u00f3n social de la violencia, empoderamiento juvenil y liderazgo.<\/p>\n<p class=\"\">Subsecretaria de Prevenci\u00f3n y Participaci\u00f3n Ciudadana de la Secretar\u00eda de Gobernaci\u00f3n Eunice Rend\u00f3n C\u00e1rdenas, \u00a0destac\u00f3 el trabajo que en materia de prevenci\u00f3n del delito se est\u00e1 haciendo por parte del Gobierno de Michoac\u00e1n; \u201cla violencia y el delito se deben de atender de manera integral, para ello se deben de realizar estrategias de prevenci\u00f3n integrales, donde se incluya al sector juvenil, es decir debemos integrarlos a esta pol\u00edtica p\u00fablica\u201d.<\/p>\n<p class=\"\">Con la presencia el mandatario estatal Silvano Aureoles Conejo clausur\u00f3 el Campamento de Innovaci\u00f3n Social y Emprendimiento del Foro Viral 2015, donde participaron por tres d\u00edas alrededor de 140 j\u00f3venes de entre 18 y 29 a\u00f1os de la colonia Eduardo Ruiz de Morelia.<\/p>\n<p class=\"\">En su mensaje a los presentes, agradeci\u00f3 felicit\u00f3 el compromiso del Gobierno Federal por realizar acciones de esta \u00edndole y se comprometi\u00f3 a seguir generando desde su trinchera actividades y apoyos para el desarrollo de los j\u00f3venes, convencido que con trabajo se pueden transformar la realidad y contribuir para tener una sociedad mejor\u201d, dijo.<\/p>\n<p class=\"\">Cada a\u00f1o se realiza un Foro Nacional VIRAL, este a\u00f1o, el Foro VIRAL 2015 realiz\u00f3 sus actividades pr\u00e1cticas en la colonia Eduardo Ru\u00edz, pol\u00edgono de atenci\u00f3n prioritaria del Programa Nacional de Prevenci\u00f3n. Como parte de la agenda, ex futbolistas del Club Monarcas Morelia desarrollaron torneos futbol-tenis y compartieron su experiencia con ni\u00f1os y j\u00f3venes de la Eduardo Ru\u00edz, quienes son grandes aficionados al f\u00fatbol. Las actividades en la colonia estuvieron abiertas al p\u00fablico y algunas de ellas fueron impartidas por sus colonos como: taller de armado de globos de cantoya, construcci\u00f3n del tradicional torito de petate, zumba y entre otros. Adem\u00e1s, como parte del Foro, la Eduardo Ru\u00edz fue sede del desarrollo de una macroinstalaci\u00f3n de origami, pieza construida entre los m\u00e1s de 200 j\u00f3venes de todo el pa\u00eds, habitantes de la Eduardo Ru\u00edz y colonias aleda\u00f1as as\u00ed como morelianos que se sumaron a este esfuerzo colectivo.<\/p>\n<p class=\"\">El Foro VIRAL 2015 reuni\u00f3 a m\u00e1s de 200 j\u00f3venes provenientes de todo el pa\u00eds que fueron capacitados en la formulaci\u00f3n y fortalecimiento de sus proyectos de prevenci\u00f3n con el objetivo de complementar sus capacidades y buscar la profesionalizaci\u00f3n de proyectos que permita generar buenas pr\u00e1cticas desde lo local. Los j\u00f3venes fueron capacitados por expertos de Alianza Heartland International, la Agencia de Cooperaci\u00f3n de los Estados Unidos (USAID), el Programa de las Naciones Unidas para el Desarrollo (PNUD), Change.org, el Instituto Nacional del Emprendedor (INADEM), Instituto Nacional de la Econom\u00eda Social (INAES), Instituto Nacional de Desarrollo Social (INDESOL), as\u00ed como artistas urbanos como Germen Crew y actores sociales de los barrios m\u00e1s emblem\u00e1ticos del pa\u00eds como Tepito, con los que ha trabajado el Programa Nacional de Prevenci\u00f3n.<\/p>\n<p class=\"\">Para logra los objetivos de seguridad y prevenci\u00f3n estipulados por el Gobierno de la Rep\u00fablica, a trav\u00e9s del Plan Nacional de Desarrollo,\u00a0 la Secretar\u00eda de Gobernaci\u00f3n a trav\u00e9s de la Subsecretar\u00eda de Prevenci\u00f3n y Participaci\u00f3n Ciudadana, ha procurado el involucramiento activo de la ciudadan\u00eda, haci\u00e9ndola coparticipe en la formulaci\u00f3n de soluciones a las problem\u00e1ticas que ata\u00f1en a su comunidad. M\u00e9xico cuenta con 38 millones de j\u00f3venes entre 12 y 29 a\u00f1os de edad, bono poblacional sin precedentes por lo que es fundamental trabajar de manera cercana con l\u00edderes juveniles que participan activamente en la formulaci\u00f3n proyectos.<\/p>\n<p class=\"\">Asistieron a este evento, la secretaria de la J\u00f3venes, Lic. Gulliana Bugarini Torres, Lic. Florentino Coalla Pulido, Delegado de la Secretar\u00eda de Gobernaci\u00f3n en el Estado de Michoac\u00e1n, Secretar\u00eda de los J\u00f3venes en el Estado de Michoac\u00e1n, \u00a0en representaci\u00f3n de Lic. Alfonso Mart\u00ednez Presidente Municipal de Morelia nos acompa\u00f1\u00f3 BernardoLe\u00f3n, Lic. Dolores de los \u00c1ngeles Nazares Jer\u00f3nimo, Secretaria Ejecutiva del Sistema Estatal de Seguridad P\u00fablica.<\/p>\n","protected":false},"excerpt":{"rendered":"<p>La Secretar\u00eda de Gobernaci\u00f3n ha impulsado un trabajo cercano con j\u00f3venes l\u00edderes, colectivos y representantes de organizaciones de la sociedad civil, quienes, a partir de la Red Nacional VIRAL,<\/p>\n","protected":false},"author":1,"featured_media":20313,"comment_status":"open","ping_status":"open","sticky":false,"template":"","format":"standard","meta":{"footnotes":""},"categories":[14,3],"tags":[],"class_list":["post-20312","post","type-post","status-publish","format-standard","has-post-thumbnail","hentry","category-destacadas","category-gobierno-del-estado-de-michoacan"],"_links":{"self":[{"href":"https:\/\/radiowebmx.com\/nota\/wp-json\/wp\/v2\/posts\/20312","targetHints":{"allow":["GET"]}}],"collection":[{"href":"https:\/\/radiowebmx.com\/nota\/wp-json\/wp\/v2\/posts"}],"about":[{"href":"https:\/\/radiowebmx.com\/nota\/wp-json\/wp\/v2\/types\/post"}],"author":[{"embeddable":true,"href":"https:\/\/radiowebmx.com\/nota\/wp-json\/wp\/v2\/users\/1"}],"replies":[{"embeddable":true,"href":"https:\/\/radiowebmx.com\/nota\/wp-json\/wp\/v2\/comments?post=20312"}],"version-history":[{"count":2,"href":"https:\/\/radiowebmx.com\/nota\/wp-json\/wp\/v2\/posts\/20312\/revisions"}],"predecessor-version":[{"id":20315,"href":"https:\/\/radiowebmx.com\/nota\/wp-json\/wp\/v2\/posts\/20312\/revisions\/20315"}],"wp:featuredmedia":[{"embeddable":true,"href":"https:\/\/radiowebmx.com\/nota\/wp-json\/wp\/v2\/media\/20313"}],"wp:attachment":[{"href":"https:\/\/radiowebmx.com\/nota\/wp-json\/wp\/v2\/media?parent=20312"}],"wp:term":[{"taxonomy":"category","embeddable":true,"href":"https:\/\/radiowebmx.com\/nota\/wp-json\/wp\/v2\/categories?post=20312"},{"taxonomy":"post_tag","embeddable":true,"href":"https:\/\/radiowebmx.com\/nota\/wp-json\/wp\/v2\/tags?post=20312"}],"curies":[{"name":"wp","href":"https:\/\/api.w.org\/{rel}","templated":true}]}}