{"id":20306,"date":"2015-12-14T13:08:02","date_gmt":"2015-12-14T19:08:02","guid":{"rendered":"https:\/\/radiowebmx.com\/nota\/?p=20306"},"modified":"2015-12-14T13:08:02","modified_gmt":"2015-12-14T19:08:02","slug":"ayuntamiento-promotor-decidido-del-uso-de-medios-alternativos-de-transporte-alfonso-martinez","status":"publish","type":"post","link":"https:\/\/radiowebmx.com\/nota\/ayuntamiento-promotor-decidido-del-uso-de-medios-alternativos-de-transporte-alfonso-martinez\/","title":{"rendered":"Ayuntamiento, promotor decidido del uso de medios alternativos de transporte: Alfonso Mart\u00ednez"},"content":{"rendered":"<p><a href=\"https:\/\/radiowebmx.com\/nota\/wp-content\/uploads\/2015\/12\/8a9a7739-c7ec-4ef5-9e12-1799bea2f978.jpg\"><img loading=\"lazy\" decoding=\"async\" class=\"alignleft size-full wp-image-20307\" src=\"https:\/\/radiowebmx.com\/nota\/wp-content\/uploads\/2015\/12\/8a9a7739-c7ec-4ef5-9e12-1799bea2f978.jpg\" alt=\"8a9a7739-c7ec-4ef5-9e12-1799bea2f978\" width=\"591\" height=\"338\" srcset=\"https:\/\/radiowebmx.com\/nota\/wp-content\/uploads\/2015\/12\/8a9a7739-c7ec-4ef5-9e12-1799bea2f978.jpg 591w, https:\/\/radiowebmx.com\/nota\/wp-content\/uploads\/2015\/12\/8a9a7739-c7ec-4ef5-9e12-1799bea2f978-300x172.jpg 300w, https:\/\/radiowebmx.com\/nota\/wp-content\/uploads\/2015\/12\/8a9a7739-c7ec-4ef5-9e12-1799bea2f978-128x72.jpg 128w\" sizes=\"auto, (max-width: 591px) 100vw, 591px\" \/><\/a>Por fomentar el uso de la bicicleta como medio de transporte y recreativo entre los\u00a0 morelianos, ampliar las ciclov\u00edas en la capital michoacana, as\u00ed como garantizar la seguridad de los ciclistas, se pronunci\u00f3 el Presidente Municipal de Morelia, Alfonso Mart\u00ednez Alc\u00e1zar, al dar el banderazo de salida al Noveno Paseo en Pro de la \u202aCiclov\u00eda Morelia-P\u00e1tzcuaro, organizado por la asociaci\u00f3n Bicivil\u00edzate.<\/p>\n<p>Frente a los m\u00e1s de 300 ciclistas que participan en este recorrido, el Alcalde manifest\u00f3 la voluntad del Ayuntamiento capitalino por promover el transporte no motorizado desde una perspectiva sustentable y que brinde las condiciones de seguridad necesarias para los usuarios del veh\u00edculo de dos ruedas.<\/p>\n<p>Adelant\u00f3 que la Administraci\u00f3n que encabeza tiene contemplado emprender distintos proyectos que impulsen este modelo de movilidad urbana. Muestra de ello, precis\u00f3, es el di\u00e1logo permanente con la organizaci\u00f3n Bicivil\u00edzate, quien ha propuesto distintas iniciativas que ya fueron integradas en el Plan de Desarrollo Municipal 2015-2018.<\/p>\n<p>Asimismo, el Presidente Municipal aprovech\u00f3 para extender una invitaci\u00f3n a los morelianos para hacer uso de la bicicleta, no s\u00f3lo con fines recreativos o deportivos, sino tambi\u00e9n como medio de transporte. Refiri\u00f3 que adem\u00e1s de los beneficios en salud, es un instrumento fundamental para disminuir el uso del autom\u00f3vil y reducir la contaminaci\u00f3n ambiental.<\/p>\n<p>Cabe mencionar, que los ciclistas partieron poco despu\u00e9s de las 9 de la ma\u00f1ana de las inmediaciones del estacionamiento de un conocido centro de autoservicio ubicado en la Calzada la Huerta, rumbo a la plaza principal de P\u00e1tzcuaro.<\/p>\n<p>Esta actividad forma parte de la promoci\u00f3n de la construcci\u00f3n de la ciclov\u00eda que vaya de esta ciudad hacia el municipio vecino.<\/p>\n<p>Para finalizar el Alcalde, Alfonso Mart\u00ednez, reiter\u00f3 el compromiso del Ayuntamiento por fomentar el uso de la bicicleta como medio de transporte, en aras de mejorar la calidad de vida de las familias morelianas.<\/p>\n","protected":false},"excerpt":{"rendered":"<p>Por fomentar el uso de la bicicleta como medio de transporte y recreativo entre los  morelianos, ampliar las ciclov\u00edas en la capital michoacana, as\u00ed como garantizar la seguridad de los ciclistas, se pronunci\u00f3 el Presidente Municipal de Morelia,<\/p>\n","protected":false},"author":1,"featured_media":20307,"comment_status":"open","ping_status":"open","sticky":false,"template":"","format":"standard","meta":{"footnotes":""},"categories":[14,9],"tags":[],"class_list":["post-20306","post","type-post","status-publish","format-standard","has-post-thumbnail","hentry","category-destacadas","category-morelia"],"_links":{"self":[{"href":"https:\/\/radiowebmx.com\/nota\/wp-json\/wp\/v2\/posts\/20306","targetHints":{"allow":["GET"]}}],"collection":[{"href":"https:\/\/radiowebmx.com\/nota\/wp-json\/wp\/v2\/posts"}],"about":[{"href":"https:\/\/radiowebmx.com\/nota\/wp-json\/wp\/v2\/types\/post"}],"author":[{"embeddable":true,"href":"https:\/\/radiowebmx.com\/nota\/wp-json\/wp\/v2\/users\/1"}],"replies":[{"embeddable":true,"href":"https:\/\/radiowebmx.com\/nota\/wp-json\/wp\/v2\/comments?post=20306"}],"version-history":[{"count":1,"href":"https:\/\/radiowebmx.com\/nota\/wp-json\/wp\/v2\/posts\/20306\/revisions"}],"predecessor-version":[{"id":20308,"href":"https:\/\/radiowebmx.com\/nota\/wp-json\/wp\/v2\/posts\/20306\/revisions\/20308"}],"wp:featuredmedia":[{"embeddable":true,"href":"https:\/\/radiowebmx.com\/nota\/wp-json\/wp\/v2\/media\/20307"}],"wp:attachment":[{"href":"https:\/\/radiowebmx.com\/nota\/wp-json\/wp\/v2\/media?parent=20306"}],"wp:term":[{"taxonomy":"category","embeddable":true,"href":"https:\/\/radiowebmx.com\/nota\/wp-json\/wp\/v2\/categories?post=20306"},{"taxonomy":"post_tag","embeddable":true,"href":"https:\/\/radiowebmx.com\/nota\/wp-json\/wp\/v2\/tags?post=20306"}],"curies":[{"name":"wp","href":"https:\/\/api.w.org\/{rel}","templated":true}]}}