{"id":20300,"date":"2015-12-14T13:02:18","date_gmt":"2015-12-14T19:02:18","guid":{"rendered":"https:\/\/radiowebmx.com\/nota\/?p=20300"},"modified":"2015-12-14T13:02:18","modified_gmt":"2015-12-14T19:02:18","slug":"ayuntamiento-refrenda-su-compromiso-a-favor-de-la-inclusion","status":"publish","type":"post","link":"https:\/\/radiowebmx.com\/nota\/ayuntamiento-refrenda-su-compromiso-a-favor-de-la-inclusion\/","title":{"rendered":"Ayuntamiento refrenda su compromiso a favor de la inclusi\u00f3n"},"content":{"rendered":"<p><a href=\"https:\/\/radiowebmx.com\/nota\/wp-content\/uploads\/2015\/12\/e845598e-8a18-42db-8e4f-f0e49b752a75.jpg\"><img loading=\"lazy\" decoding=\"async\" class=\"alignleft size-full wp-image-20301\" src=\"https:\/\/radiowebmx.com\/nota\/wp-content\/uploads\/2015\/12\/e845598e-8a18-42db-8e4f-f0e49b752a75.jpg\" alt=\"e845598e-8a18-42db-8e4f-f0e49b752a75\" width=\"591\" height=\"366\" srcset=\"https:\/\/radiowebmx.com\/nota\/wp-content\/uploads\/2015\/12\/e845598e-8a18-42db-8e4f-f0e49b752a75.jpg 591w, https:\/\/radiowebmx.com\/nota\/wp-content\/uploads\/2015\/12\/e845598e-8a18-42db-8e4f-f0e49b752a75-300x186.jpg 300w\" sizes=\"auto, (max-width: 591px) 100vw, 591px\" \/><\/a>Con el objetivo de atender a las personas con discapacidad para ofrecerles mejores condiciones de vida, el Ayuntamiento de Morelia encabezado por el Presidente Municipal, Alfonso Mart\u00ednez Alc\u00e1zar, particip\u00f3 en la colecta a favor del Centro de Rehabilitaci\u00f3n Telet\u00f3n (CRIT).<\/p>\n<p>Acompa\u00f1ado de la Presidenta Honoraria del DIF Paola Delgadillo de Mart\u00ednez, el Alcalde resalt\u00f3 la importancia de contar con un centro como el CRIT que atiende a cientos de ni\u00f1os en la capital del estado.<\/p>\n<p>Durante su participaci\u00f3n en el programa que se llev\u00f3 a cabo este ma\u00f1ana en las instalaciones del CRIT,\u00a0 Mart\u00ednez Alc\u00e1zar destac\u00f3 el trabajo que se realiza desde el DIF Municipal el cual se centra en mejorar las condiciones de vida de la ni\u00f1ez moreliana, asimismo subray\u00f3 que es trascendental la coordinaci\u00f3n que existe entre la dependencia municipal y el Centro de Rehabilitaci\u00f3n.<\/p>\n<p>&#8220;Al DIF Municipal llegan muchas personas con grandes necesidades y para nosotros el CRIT ha sido un gran aliado al atender situaciones particulares de ni\u00f1os que requieren un tratamiento especial\u201d, espec\u00edfico Alfonso Mart\u00ednez.<\/p>\n<p>Enfatiz\u00f3 en que es necesario\u00a0 trabajar juntos y dar soluciones a todas las personas en cuyas familias haya un integrante que tenga alguna discapacidad.<\/p>\n<p>Es de precisar que el Gobierno Municipal han impulsado pol\u00edticas de inclusi\u00f3n a trav\u00e9s del DIF de Morelia, en el que adem\u00e1s de brindar atenci\u00f3n, se promueve educaci\u00f3n y cultura de la discapacidad, para que haya una situaci\u00f3n de armon\u00eda social y en donde las oportunidades de desarrollo sean para todas las personas.<\/p>\n","protected":false},"excerpt":{"rendered":"<p>Con el objetivo de atender a las personas con discapacidad para ofrecerles mejores condiciones de vida, el Ayuntamiento de Morelia encabezado por el Presidente Municipal, Alfonso Mart\u00ednez Alc\u00e1zar, particip\u00f3 en la colecta a favor del CRIT.<\/p>\n","protected":false},"author":1,"featured_media":20301,"comment_status":"open","ping_status":"open","sticky":false,"template":"","format":"standard","meta":{"footnotes":""},"categories":[14,9],"tags":[],"class_list":["post-20300","post","type-post","status-publish","format-standard","has-post-thumbnail","hentry","category-destacadas","category-morelia"],"_links":{"self":[{"href":"https:\/\/radiowebmx.com\/nota\/wp-json\/wp\/v2\/posts\/20300","targetHints":{"allow":["GET"]}}],"collection":[{"href":"https:\/\/radiowebmx.com\/nota\/wp-json\/wp\/v2\/posts"}],"about":[{"href":"https:\/\/radiowebmx.com\/nota\/wp-json\/wp\/v2\/types\/post"}],"author":[{"embeddable":true,"href":"https:\/\/radiowebmx.com\/nota\/wp-json\/wp\/v2\/users\/1"}],"replies":[{"embeddable":true,"href":"https:\/\/radiowebmx.com\/nota\/wp-json\/wp\/v2\/comments?post=20300"}],"version-history":[{"count":1,"href":"https:\/\/radiowebmx.com\/nota\/wp-json\/wp\/v2\/posts\/20300\/revisions"}],"predecessor-version":[{"id":20302,"href":"https:\/\/radiowebmx.com\/nota\/wp-json\/wp\/v2\/posts\/20300\/revisions\/20302"}],"wp:featuredmedia":[{"embeddable":true,"href":"https:\/\/radiowebmx.com\/nota\/wp-json\/wp\/v2\/media\/20301"}],"wp:attachment":[{"href":"https:\/\/radiowebmx.com\/nota\/wp-json\/wp\/v2\/media?parent=20300"}],"wp:term":[{"taxonomy":"category","embeddable":true,"href":"https:\/\/radiowebmx.com\/nota\/wp-json\/wp\/v2\/categories?post=20300"},{"taxonomy":"post_tag","embeddable":true,"href":"https:\/\/radiowebmx.com\/nota\/wp-json\/wp\/v2\/tags?post=20300"}],"curies":[{"name":"wp","href":"https:\/\/api.w.org\/{rel}","templated":true}]}}