{"id":20297,"date":"2015-12-14T12:57:06","date_gmt":"2015-12-14T18:57:06","guid":{"rendered":"https:\/\/radiowebmx.com\/nota\/?p=20297"},"modified":"2015-12-14T12:57:06","modified_gmt":"2015-12-14T18:57:06","slug":"ayuntamiento-de-morelia-promueve-el-trato-digno-a-los-animales","status":"publish","type":"post","link":"https:\/\/radiowebmx.com\/nota\/ayuntamiento-de-morelia-promueve-el-trato-digno-a-los-animales\/","title":{"rendered":"Ayuntamiento de Morelia promueve el trato digno a los animales"},"content":{"rendered":"<p><a href=\"https:\/\/radiowebmx.com\/nota\/wp-content\/uploads\/2015\/12\/ff1f2b26-b31a-497f-a300-11c0b9ab627a.jpg\"><img loading=\"lazy\" decoding=\"async\" class=\"alignleft size-full wp-image-20298\" src=\"https:\/\/radiowebmx.com\/nota\/wp-content\/uploads\/2015\/12\/ff1f2b26-b31a-497f-a300-11c0b9ab627a.jpg\" alt=\"ff1f2b26-b31a-497f-a300-11c0b9ab627a\" width=\"591\" height=\"354\" srcset=\"https:\/\/radiowebmx.com\/nota\/wp-content\/uploads\/2015\/12\/ff1f2b26-b31a-497f-a300-11c0b9ab627a.jpg 591w, https:\/\/radiowebmx.com\/nota\/wp-content\/uploads\/2015\/12\/ff1f2b26-b31a-497f-a300-11c0b9ab627a-300x180.jpg 300w\" sizes=\"auto, (max-width: 591px) 100vw, 591px\" \/><\/a>En la b\u00fasqueda de fomentar cada vez m\u00e1s la protecci\u00f3n y bienestar animal, el Ayuntamiento de Morelia realiz\u00f3 su Primer Feria de Adopci\u00f3n en el Centro de Atenci\u00f3n Canina y Felina, jornada de trabajo social que arranc\u00f3 desde las 10:30 de la ma\u00f1ana de s\u00e1bado y cerr\u00f3 sus labores al filo de las 15 horas.<\/p>\n<p>El secretario de Servicios P\u00fablicos Municipales, Jos\u00e9 Luis Gil V\u00e1zquez detall\u00f3 que se puso a disposici\u00f3n de la poblaci\u00f3n 30 ejemplares entre perros y gatos para la adopci\u00f3n; refiri\u00f3 que la finalidad \u00a0de esta labor es promover el mensaje, \u201cno compres un perro de raza adopta uno que no tenga casa\u201d, entre la ciudadan\u00eda.<\/p>\n<p>Gil V\u00e1zquez acompa\u00f1ado por la jefa de departamento del Centro de Atenci\u00f3n Canina, Annel Nieto \u00c1lvarez record\u00f3 a todos los morelianos que adquirieron el compromiso de sumar un integrante m\u00e1s a su familia, que ni los perros y gatos son un art\u00edculo y que parte de la concientizaci\u00f3n se refiere a que se reconozcan como un ser vivo.<\/p>\n<p>El secretario de Servicios P\u00fablicos Municipales asegur\u00f3 que esta pol\u00edtica es parte de la instrucci\u00f3n del Alcalde, Alfonso Mart\u00ednez Alc\u00e1zar, de crear condiciones en donde todos los animales reciban un trato digno.<br \/>\nAsimismo, Nieto \u00c1lvarez record\u00f3 que los requisitos para tr\u00e1mites de adopci\u00f3n son llevar una copia \u00a0de la credencial de elector, una del comprobante de domicilio, 2 fotograf\u00edas del lugar en el que va vivir la mascota y realiza un pago por concepto de esterilizaci\u00f3n.<\/p>\n","protected":false},"excerpt":{"rendered":"<p>En la b\u00fasqueda de fomentar cada vez m\u00e1s la protecci\u00f3n y bienestar animal, el Ayuntamiento de Morelia realiz\u00f3 su Primer Feria de Adopci\u00f3n en el Centro de Atenci\u00f3n Canina y Felina, <\/p>\n","protected":false},"author":1,"featured_media":20298,"comment_status":"open","ping_status":"open","sticky":false,"template":"","format":"standard","meta":{"footnotes":""},"categories":[14,9],"tags":[],"class_list":["post-20297","post","type-post","status-publish","format-standard","has-post-thumbnail","hentry","category-destacadas","category-morelia"],"_links":{"self":[{"href":"https:\/\/radiowebmx.com\/nota\/wp-json\/wp\/v2\/posts\/20297","targetHints":{"allow":["GET"]}}],"collection":[{"href":"https:\/\/radiowebmx.com\/nota\/wp-json\/wp\/v2\/posts"}],"about":[{"href":"https:\/\/radiowebmx.com\/nota\/wp-json\/wp\/v2\/types\/post"}],"author":[{"embeddable":true,"href":"https:\/\/radiowebmx.com\/nota\/wp-json\/wp\/v2\/users\/1"}],"replies":[{"embeddable":true,"href":"https:\/\/radiowebmx.com\/nota\/wp-json\/wp\/v2\/comments?post=20297"}],"version-history":[{"count":1,"href":"https:\/\/radiowebmx.com\/nota\/wp-json\/wp\/v2\/posts\/20297\/revisions"}],"predecessor-version":[{"id":20299,"href":"https:\/\/radiowebmx.com\/nota\/wp-json\/wp\/v2\/posts\/20297\/revisions\/20299"}],"wp:featuredmedia":[{"embeddable":true,"href":"https:\/\/radiowebmx.com\/nota\/wp-json\/wp\/v2\/media\/20298"}],"wp:attachment":[{"href":"https:\/\/radiowebmx.com\/nota\/wp-json\/wp\/v2\/media?parent=20297"}],"wp:term":[{"taxonomy":"category","embeddable":true,"href":"https:\/\/radiowebmx.com\/nota\/wp-json\/wp\/v2\/categories?post=20297"},{"taxonomy":"post_tag","embeddable":true,"href":"https:\/\/radiowebmx.com\/nota\/wp-json\/wp\/v2\/tags?post=20297"}],"curies":[{"name":"wp","href":"https:\/\/api.w.org\/{rel}","templated":true}]}}