{"id":2028,"date":"2013-04-01T11:54:25","date_gmt":"2013-04-01T17:54:25","guid":{"rendered":"https:\/\/radiowebmx.com\/nota\/?p=2028"},"modified":"2013-04-01T11:54:25","modified_gmt":"2013-04-01T17:54:25","slug":"la-dirigencia-del-comite-directivo-estatal-del-pri-esta-acefala-y-representa-un-botin-politico-para-muchos-que-insisten-en-hacer-pronunciamientos-de-unidad-ojala-que-esta-postura-se-sostenga-y-se-ll","status":"publish","type":"post","link":"https:\/\/radiowebmx.com\/nota\/la-dirigencia-del-comite-directivo-estatal-del-pri-esta-acefala-y-representa-un-botin-politico-para-muchos-que-insisten-en-hacer-pronunciamientos-de-unidad-ojala-que-esta-postura-se-sostenga-y-se-ll\/","title":{"rendered":"La dirigencia del Comit\u00e9 Directivo Estatal del PRI est\u00e1 ac\u00e9fala y representa un bot\u00edn pol\u00edtico para muchos que insisten en hacer pronunciamientos de unidad, ojala que esta postura se sostenga y se lleven a cabo los procesos legales para la renovaci\u00f3n."},"content":{"rendered":"<p><a href=\"https:\/\/radiowebmx.com\/nota\/wp-content\/uploads\/2013\/04\/DSC_4875-1.jpg\"><img loading=\"lazy\" decoding=\"async\" class=\"alignnone size-full wp-image-2029\" title=\"DSC_4875 (1)\" src=\"https:\/\/radiowebmx.com\/nota\/wp-content\/uploads\/2013\/04\/DSC_4875-1.jpg\" alt=\"\" width=\"591\" height=\"317\" \/><\/a><\/p>\n<p>En conferencia de prensa en donde la Sectur estatal, la Asociaci\u00f3n de Hoteles, la Sectur municipal de Morelia, la Asociaci\u00f3n de Gu\u00edas de Turistas y Fomento Tur\u00edstico de Michoac\u00e1n, dieron a conocer datos preliminares de la afluencia de visitantes en estos d\u00edas de asueto, Roberto Monroy Garc\u00eda puntualiz\u00f3 que la Semana Santa mostr\u00f3 un promedio global estatal de 81.42 por ciento de ocupaci\u00f3n, cuando la media nacional fue del 66 por ciento.<\/p>\n<p>\u201cSi los n\u00fameros mantienen esta tendencia de crecimiento, el 2013 superar\u00e1 al a\u00f1o anterior en un 8 por ciento\u201d, destac\u00f3 Monroy Garc\u00eda.<\/p>\n<p>De acuerdo con los datos proporcionados por el presidente de la AHMEMAC, Roberto Molina, el comportamiento preliminar del coeficiente de hospedaje que le han reportado las regiones del estado hasta el momento en la Semana Santa ha sido el siguiente:<\/p>\n<div align=\"center\">\n<table border=\"1\" cellspacing=\"0\" cellpadding=\"0\">\n<tbody>\n<tr>\n<td><\/td>\n<td colspan=\"3\" width=\"202\">&nbsp;<\/td>\n<\/tr>\n<tr>\n<td valign=\"top\" width=\"199\">\n<p align=\"center\"><strong>REGI\u00d3N<\/strong><\/p>\n<\/td>\n<td><\/td>\n<td valign=\"top\" width=\"200\">\n<p align=\"center\"><strong>HOSPEDAJE 2013<\/strong><\/p>\n<\/td>\n<td><\/td>\n<\/tr>\n<tr>\n<td valign=\"top\" width=\"199\">Morelia<\/td>\n<td><\/td>\n<td valign=\"top\" width=\"200\">\n<p align=\"center\">75%<\/p>\n<\/td>\n<td><\/td>\n<\/tr>\n<tr>\n<td><\/td>\n<td><\/td>\n<td><\/td>\n<td><\/td>\n<\/tr>\n<tr>\n<td valign=\"top\" width=\"199\">Uruapan<\/td>\n<td><\/td>\n<td valign=\"top\" width=\"200\">\n<p align=\"center\">100%<\/p>\n<\/td>\n<td><\/td>\n<\/tr>\n<tr>\n<td><\/td>\n<td><\/td>\n<td><\/td>\n<td><\/td>\n<\/tr>\n<tr>\n<td valign=\"top\" width=\"199\">Pa\u00eds de la Monarca<\/td>\n<td><\/td>\n<td valign=\"top\" width=\"200\">\n<p align=\"center\">85%<\/p>\n<\/td>\n<td><\/td>\n<\/tr>\n<tr>\n<td><\/td>\n<td><\/td>\n<td><\/td>\n<td><\/td>\n<\/tr>\n<tr>\n<td valign=\"top\" width=\"199\">Apatzing\u00e1n<\/td>\n<td><\/td>\n<td valign=\"top\" width=\"200\">\n<p align=\"center\">50%<\/p>\n<\/td>\n<td><\/td>\n<\/tr>\n<tr>\n<td><\/td>\n<td><\/td>\n<td><\/td>\n<td><\/td>\n<\/tr>\n<tr>\n<td valign=\"top\" width=\"199\">Costa<\/td>\n<td><\/td>\n<td valign=\"top\" width=\"200\">\n<p align=\"center\">100%<\/p>\n<\/td>\n<td><\/td>\n<\/tr>\n<tr>\n<td><\/td>\n<td><\/td>\n<td><\/td>\n<td><\/td>\n<\/tr>\n<tr>\n<td valign=\"top\" width=\"199\"><strong>TOTAL ESTATAL:<\/strong><\/td>\n<td><\/td>\n<td valign=\"top\" width=\"200\">\n<p align=\"center\"><strong>81.42%<\/strong><\/p>\n<\/td>\n<td><\/td>\n<\/tr>\n<tr>\n<td><\/td>\n<td><\/td>\n<td><\/td>\n<td><\/td>\n<\/tr>\n<\/tbody>\n<\/table>\n<\/div>\n<p>&nbsp;<\/p>\n<p>Se\u00f1al\u00f3 tambi\u00e9n que este a\u00f1o se ha observado un notable retorno de viajeros migrantes, que ponen de manifiesto el regreso de la confianza para visitar Michoac\u00e1n.<\/p>\n<p>Por su parte, el secretario de Turismo del Ayuntamiento de Morelia, Enrique Rivera Ruiz, puntualiz\u00f3 que el a\u00f1o pasado el gasto promedio se estim\u00f3 en 550 pesos y en esta ocasi\u00f3n se evalu\u00f3 en 950 pesos por persona.<\/p>\n<p>A su vez, Luis Mendoza, titular de Fomento Tur\u00edstico, el organismo a cargo de las caba\u00f1as \u201cRancho Viejo\u201d en Los Azufres, puntualiz\u00f3 que las instalaciones registran lleno total desde el Jueves Santo; mientras que Gabriel Ch\u00e1vez, de la Asociaci\u00f3n Estatal de Gu\u00edas de Turistas de Michoac\u00e1n, puntualiz\u00f3 que en el Centro de Atenci\u00f3n al Turista de Morelia se atendieron en Semana Santa a un total de 6 mil 500 paseantes.<\/p>\n","protected":false},"excerpt":{"rendered":"<p>\u201cEn los \u00faltimos cinco a\u00f1os Michoac\u00e1n no hab\u00eda tenido una ocupaci\u00f3n similar a la de esta temporada vacacional de Semana Santa\u201d, asever\u00f3 el presidente de la Asociaci\u00f3n de Hoteles y Moteles de Michoac\u00e1n, A.C. (AHMEMAC), Roberto Molina Gardu\u00f1o en presencia del secretario de Turismo del estado, Roberto Monroy Garc\u00eda.<\/p>\n","protected":false},"author":1,"featured_media":0,"comment_status":"open","ping_status":"open","sticky":false,"template":"","format":"standard","meta":{"footnotes":""},"categories":[14,3],"tags":[],"class_list":["post-2028","post","type-post","status-publish","format-standard","hentry","category-destacadas","category-gobierno-del-estado-de-michoacan"],"_links":{"self":[{"href":"https:\/\/radiowebmx.com\/nota\/wp-json\/wp\/v2\/posts\/2028","targetHints":{"allow":["GET"]}}],"collection":[{"href":"https:\/\/radiowebmx.com\/nota\/wp-json\/wp\/v2\/posts"}],"about":[{"href":"https:\/\/radiowebmx.com\/nota\/wp-json\/wp\/v2\/types\/post"}],"author":[{"embeddable":true,"href":"https:\/\/radiowebmx.com\/nota\/wp-json\/wp\/v2\/users\/1"}],"replies":[{"embeddable":true,"href":"https:\/\/radiowebmx.com\/nota\/wp-json\/wp\/v2\/comments?post=2028"}],"version-history":[{"count":2,"href":"https:\/\/radiowebmx.com\/nota\/wp-json\/wp\/v2\/posts\/2028\/revisions"}],"predecessor-version":[{"id":2031,"href":"https:\/\/radiowebmx.com\/nota\/wp-json\/wp\/v2\/posts\/2028\/revisions\/2031"}],"wp:attachment":[{"href":"https:\/\/radiowebmx.com\/nota\/wp-json\/wp\/v2\/media?parent=2028"}],"wp:term":[{"taxonomy":"category","embeddable":true,"href":"https:\/\/radiowebmx.com\/nota\/wp-json\/wp\/v2\/categories?post=2028"},{"taxonomy":"post_tag","embeddable":true,"href":"https:\/\/radiowebmx.com\/nota\/wp-json\/wp\/v2\/tags?post=2028"}],"curies":[{"name":"wp","href":"https:\/\/api.w.org\/{rel}","templated":true}]}}