{"id":20270,"date":"2015-12-14T11:56:38","date_gmt":"2015-12-14T17:56:38","guid":{"rendered":"https:\/\/radiowebmx.com\/nota\/?p=20270"},"modified":"2015-12-14T11:56:38","modified_gmt":"2015-12-14T17:56:38","slug":"prevenir-la-violencia-requiere-de-la-participacion-ciudadana-alfonso-martinez","status":"publish","type":"post","link":"https:\/\/radiowebmx.com\/nota\/prevenir-la-violencia-requiere-de-la-participacion-ciudadana-alfonso-martinez\/","title":{"rendered":"Prevenir la violencia, requiere de la participaci\u00f3n ciudadana: Alfonso Mart\u00ednez"},"content":{"rendered":"<p><a href=\"https:\/\/radiowebmx.com\/nota\/wp-content\/uploads\/2015\/12\/555d3a8a-46bc-4621-903f-f8a3d963d72f.jpg\"><img loading=\"lazy\" decoding=\"async\" class=\"alignleft size-full wp-image-20271\" src=\"https:\/\/radiowebmx.com\/nota\/wp-content\/uploads\/2015\/12\/555d3a8a-46bc-4621-903f-f8a3d963d72f.jpg\" alt=\"555d3a8a-46bc-4621-903f-f8a3d963d72f\" width=\"591\" height=\"376\" srcset=\"https:\/\/radiowebmx.com\/nota\/wp-content\/uploads\/2015\/12\/555d3a8a-46bc-4621-903f-f8a3d963d72f.jpg 591w, https:\/\/radiowebmx.com\/nota\/wp-content\/uploads\/2015\/12\/555d3a8a-46bc-4621-903f-f8a3d963d72f-300x191.jpg 300w\" sizes=\"auto, (max-width: 591px) 100vw, 591px\" \/><\/a>Con un llamado a anteponer el di\u00e1logo para la soluci\u00f3n de cualquier conflicto y con el compromiso de impulsar acciones que promuevan la armon\u00eda y la no violencia escolar, el Presidente Municipal de Morelia, Alfonso Mart\u00ednez Alc\u00e1zar, encabez\u00f3 el Evento de Guardianes de la Paz, en la Escuela Secundaria T\u00e9cnica N\u00b0 120, de la capital michoacana, donde entreg\u00f3 reconocimientos a los estudiantes destacados en este programa de prevenci\u00f3n del delito.<\/p>\n<p>Frente a cientos de estudiantes, el director del centro educativo, Jos\u00e9 Rigoberto Olivo Herrera, el supervisor la zona escolar 01 Morelia, Josafat G\u00f3mez Mart\u00ednez, as\u00ed como el presidente de padres de familia, Agust\u00edn Ram\u00edrez Mora, el Alcalde se pronunci\u00f3 en contra del bullying y reconoci\u00f3 el esfuerzo de los profesores y alumnos preocupados en mitigar esta conducta social.<\/p>\n<p>Puntualiz\u00f3 que la participaci\u00f3n ciudadana es la base del \u00e9xito de este programa de prevenci\u00f3n del delito, \u201cel hecho de que estudiantes, padres de familia y maestros sumen esfuerzos en esta noble labor para atender la violencia escolar, contribuye a que este fen\u00f3meno empiece a disminuir, porque los ni\u00f1os y j\u00f3venes reconocen que es a trav\u00e9s del di\u00e1logo como se resuelven sus problemas y no peleando\u201d.<\/p>\n<p>El Presidente Municipal, invit\u00f3 a las ni\u00f1as y ni\u00f1os de esta secundaria a preservar la armon\u00eda y compa\u00f1erismo en su escuela, as\u00ed como a tener la confianza de acercase a sus profesores y padres cuando sean v\u00edctimas de agresiones f\u00edsicas o psicol\u00f3gicas, para poner un alto al bullying.<\/p>\n<p>En su oportunidad, el director de esta instituci\u00f3n, Jos\u00e9 Rigoberto Olivo, agradeci\u00f3 al Alcalde su inter\u00e9s de colaborar con esta escuela a trav\u00e9s del programa Guardianes de la Paz, el cual, subray\u00f3, ha tra\u00eddo un beneficio palpable en el plantel educativo ya que ha mejorado la sana convivencia entre el alumnado.<\/p>\n","protected":false},"excerpt":{"rendered":"<p>Con un llamado a anteponer el di\u00e1logo para la soluci\u00f3n de cualquier conflicto y con el compromiso de impulsar acciones que promuevan la armon\u00eda y la no violencia escolar, el Presidente Municipal de Morelia, Alfonso Mart\u00ednez Alc\u00e1zar, <\/p>\n","protected":false},"author":1,"featured_media":20271,"comment_status":"open","ping_status":"open","sticky":false,"template":"","format":"standard","meta":{"footnotes":""},"categories":[14,9],"tags":[],"class_list":["post-20270","post","type-post","status-publish","format-standard","has-post-thumbnail","hentry","category-destacadas","category-morelia"],"_links":{"self":[{"href":"https:\/\/radiowebmx.com\/nota\/wp-json\/wp\/v2\/posts\/20270","targetHints":{"allow":["GET"]}}],"collection":[{"href":"https:\/\/radiowebmx.com\/nota\/wp-json\/wp\/v2\/posts"}],"about":[{"href":"https:\/\/radiowebmx.com\/nota\/wp-json\/wp\/v2\/types\/post"}],"author":[{"embeddable":true,"href":"https:\/\/radiowebmx.com\/nota\/wp-json\/wp\/v2\/users\/1"}],"replies":[{"embeddable":true,"href":"https:\/\/radiowebmx.com\/nota\/wp-json\/wp\/v2\/comments?post=20270"}],"version-history":[{"count":1,"href":"https:\/\/radiowebmx.com\/nota\/wp-json\/wp\/v2\/posts\/20270\/revisions"}],"predecessor-version":[{"id":20273,"href":"https:\/\/radiowebmx.com\/nota\/wp-json\/wp\/v2\/posts\/20270\/revisions\/20273"}],"wp:featuredmedia":[{"embeddable":true,"href":"https:\/\/radiowebmx.com\/nota\/wp-json\/wp\/v2\/media\/20271"}],"wp:attachment":[{"href":"https:\/\/radiowebmx.com\/nota\/wp-json\/wp\/v2\/media?parent=20270"}],"wp:term":[{"taxonomy":"category","embeddable":true,"href":"https:\/\/radiowebmx.com\/nota\/wp-json\/wp\/v2\/categories?post=20270"},{"taxonomy":"post_tag","embeddable":true,"href":"https:\/\/radiowebmx.com\/nota\/wp-json\/wp\/v2\/tags?post=20270"}],"curies":[{"name":"wp","href":"https:\/\/api.w.org\/{rel}","templated":true}]}}