{"id":20266,"date":"2015-12-14T11:51:53","date_gmt":"2015-12-14T17:51:53","guid":{"rendered":"https:\/\/radiowebmx.com\/nota\/?p=20266"},"modified":"2015-12-14T11:51:53","modified_gmt":"2015-12-14T17:51:53","slug":"ayuntamiento-de-morelia-comprometido-para-reforzar-el-orden-y-la-seguridad-en-fiestas-guadalupanas","status":"publish","type":"post","link":"https:\/\/radiowebmx.com\/nota\/ayuntamiento-de-morelia-comprometido-para-reforzar-el-orden-y-la-seguridad-en-fiestas-guadalupanas\/","title":{"rendered":"Ayuntamiento de Morelia, comprometido para reforzar el orden y la seguridad en Fiestas Guadalupanas"},"content":{"rendered":"<p><a href=\"https:\/\/radiowebmx.com\/nota\/wp-content\/uploads\/2015\/12\/03ec684e-d808-42a4-a4f8-1feae0a2b72e.jpg\"><img loading=\"lazy\" decoding=\"async\" class=\"alignleft  wp-image-20267\" src=\"https:\/\/radiowebmx.com\/nota\/wp-content\/uploads\/2015\/12\/03ec684e-d808-42a4-a4f8-1feae0a2b72e.jpg\" alt=\"03ec684e-d808-42a4-a4f8-1feae0a2b72e\" width=\"492\" height=\"318\" \/><\/a>Luego de anunciar que inici\u00f3 la segunda etapa de instalaci\u00f3n de comerciantes tolerados por las \u00a0Fiestas Guadalupanas en los alrededores del Santuario de Guadalupe, el coordinador ejecutivo del Centro Hist\u00f3rico y Sitios Monumentales, Gaspar Hern\u00e1ndez Razo detall\u00f3 que la seguridad en esta festividad ser\u00e1 coordinada por los tres \u00f3rdenes de Gobierno en la que participar\u00e1 la Gendarmer\u00eda directamente.<\/p>\n<p>Es de recordar que desde la pasada noche del 9 de diciembre se dio el cierre de \u00a0vialidades en las inmediaciones del templo, tales como Avenida Tata Vasco y la calle \u00a0Fray \u00a0Antonio de San Miguel hasta la altura de las Tarascas, en donde inicia el Acueducto, as\u00ed como \u00a0Hospitales hasta Revillagigedo.<\/p>\n<p>Hern\u00e1ndez Razo detall\u00f3 que en \u00a0toda la Calzada Fray Antonio de San Miguel (San Diego) no existir\u00e1 obstrucci\u00f3n alguna de comerciantes ambulantes \u00a0y se instalar\u00e1n vallas, para que los feligreses guadalupanos no tengan ninguna problem\u00e1tica al ser part\u00edcipes de esta fiesta familiar-religiosa.<\/p>\n<p>El coordinador ejecutivo del Centro Hist\u00f3rico inform\u00f3 \u00a0que la Gendarmer\u00eda har\u00e1 dos labores, supervisar la festividad y vigilar calles aleda\u00f1as al Santuario de Guadalupe al esperar una afluencia diaria de 30 mil personas en estos tres d\u00edas, 10, 11 y 12 de diciembre.<\/p>\n<p>Asimismo, \u00a0Hern\u00e1ndez Razo inform\u00f3 que la inspecci\u00f3n \u00a0a los oferentes tolerados se reforzar\u00e1 en conjunto con la Direcci\u00f3n de Inspecci\u00f3n y Vigilancia \u00a0 para no tener venta de alcohol y preservar la festividad \u00a0familiar, con rondines de \u00a0tres diferentes turnos de inspectores y los supervisores del Centro Hist\u00f3rico \u00a0continuar\u00e1n \u00a0con su labor diaria la de mantener el Primer Cuadro de la ciudad sin comercio informal o ambulante.<\/p>\n<p>Aunado a que \u00a0la Direcci\u00f3n de Salud Municipal seguir\u00e1 \u00a0con la toma de muestras para garantizar la salubridad de los alimentos que se consuman en las inmediaciones del Santuario de Guadalupe.<br \/>\nGaspar Hern\u00e1ndez destac\u00f3 que con todas estas acciones a realizar se garantizar\u00e1 tener festividades tranquilas, ordenadas y para todas las familias morelianas.<\/p>\n","protected":false},"excerpt":{"rendered":"<p>Luego de anunciar que inici\u00f3 la segunda etapa de instalaci\u00f3n de comerciantes tolerados por las  Fiestas Guadalupanas en los alrededores del Santuario de Guadalupe, el coordinador ejecutivo del Centro Hist\u00f3rico y Sitios Monumentales, <\/p>\n","protected":false},"author":1,"featured_media":20267,"comment_status":"open","ping_status":"open","sticky":false,"template":"","format":"standard","meta":{"footnotes":""},"categories":[14,9],"tags":[],"class_list":["post-20266","post","type-post","status-publish","format-standard","has-post-thumbnail","hentry","category-destacadas","category-morelia"],"_links":{"self":[{"href":"https:\/\/radiowebmx.com\/nota\/wp-json\/wp\/v2\/posts\/20266","targetHints":{"allow":["GET"]}}],"collection":[{"href":"https:\/\/radiowebmx.com\/nota\/wp-json\/wp\/v2\/posts"}],"about":[{"href":"https:\/\/radiowebmx.com\/nota\/wp-json\/wp\/v2\/types\/post"}],"author":[{"embeddable":true,"href":"https:\/\/radiowebmx.com\/nota\/wp-json\/wp\/v2\/users\/1"}],"replies":[{"embeddable":true,"href":"https:\/\/radiowebmx.com\/nota\/wp-json\/wp\/v2\/comments?post=20266"}],"version-history":[{"count":1,"href":"https:\/\/radiowebmx.com\/nota\/wp-json\/wp\/v2\/posts\/20266\/revisions"}],"predecessor-version":[{"id":20268,"href":"https:\/\/radiowebmx.com\/nota\/wp-json\/wp\/v2\/posts\/20266\/revisions\/20268"}],"wp:featuredmedia":[{"embeddable":true,"href":"https:\/\/radiowebmx.com\/nota\/wp-json\/wp\/v2\/media\/20267"}],"wp:attachment":[{"href":"https:\/\/radiowebmx.com\/nota\/wp-json\/wp\/v2\/media?parent=20266"}],"wp:term":[{"taxonomy":"category","embeddable":true,"href":"https:\/\/radiowebmx.com\/nota\/wp-json\/wp\/v2\/categories?post=20266"},{"taxonomy":"post_tag","embeddable":true,"href":"https:\/\/radiowebmx.com\/nota\/wp-json\/wp\/v2\/tags?post=20266"}],"curies":[{"name":"wp","href":"https:\/\/api.w.org\/{rel}","templated":true}]}}