{"id":20259,"date":"2015-12-11T18:07:35","date_gmt":"2015-12-12T00:07:35","guid":{"rendered":"https:\/\/radiowebmx.com\/nota\/?p=20259"},"modified":"2015-12-11T18:07:35","modified_gmt":"2015-12-12T00:07:35","slug":"ayuntamiento-anuncia-campana-de-esterilizacion-y-feria-de-adopcion-animal","status":"publish","type":"post","link":"https:\/\/radiowebmx.com\/nota\/ayuntamiento-anuncia-campana-de-esterilizacion-y-feria-de-adopcion-animal\/","title":{"rendered":"Ayuntamiento anuncia campa\u00f1a de esterilizaci\u00f3n y feria de adopci\u00f3n animal"},"content":{"rendered":"<p><a href=\"https:\/\/radiowebmx.com\/nota\/wp-content\/uploads\/2015\/12\/070a1904-6caf-45c3-b424-c086193c6d00.jpg\"><img loading=\"lazy\" decoding=\"async\" class=\"alignleft size-full wp-image-20260\" src=\"https:\/\/radiowebmx.com\/nota\/wp-content\/uploads\/2015\/12\/070a1904-6caf-45c3-b424-c086193c6d00.jpg\" alt=\"070a1904-6caf-45c3-b424-c086193c6d00\" width=\"591\" height=\"352\" srcset=\"https:\/\/radiowebmx.com\/nota\/wp-content\/uploads\/2015\/12\/070a1904-6caf-45c3-b424-c086193c6d00.jpg 591w, https:\/\/radiowebmx.com\/nota\/wp-content\/uploads\/2015\/12\/070a1904-6caf-45c3-b424-c086193c6d00-300x179.jpg 300w\" sizes=\"auto, (max-width: 591px) 100vw, 591px\" \/><\/a>Acorde a las necesidades ciudadanas, el Ayuntamiento de Morelia en conjunto con la sociedad civil organizada anunci\u00f3 la Campa\u00f1a de Esterilizaci\u00f3n y Feria de la Adopci\u00f3n, a realizarse el pr\u00f3ximo 12 de diciembre.<\/p>\n<p>El secretario de Servicios P\u00fablicos Municipales, Jos\u00e9 Luis Gil V\u00e1zquez, asegur\u00f3 que para la Administraci\u00f3n p\u00fablica que encabeza el presidente Alfonso Mart\u00ednez Alc\u00e1zar es primordial el cuidado de los animales y en este sentido es necesario el apoyo a las esterilizaciones al referir que los sacrificios \u201cle duelen a la sociedad porque son tambi\u00e9n seres vivos\u201d.<\/p>\n<p>Por su parte, Kathia Elena Ortiz \u00c1vila,\u00a0 regidora e \u00a0integrante de la Consejo Municipal por el Bienestar y Protecci\u00f3n a los Animales, \u00a0anunci\u00f3 que el pr\u00f3ximo 20 de diciembre a las 12\u00a0 del d\u00eda, en el Estadio Venustiano Carranza,\u00a0se llevar\u00e1 a cabo un partido de futbol con fines de recaudaci\u00f3n para realizar una campa\u00f1a m\u00e1s de esterilizaci\u00f3n, la cual gracias al apoyo del Ayuntamiento de Morelia, la organizaci\u00f3n de Adoptamor y ex futbolistas, se podr\u00e1 concretar.<\/p>\n<p>Se tendr\u00e1 un costo de 30 pesos y ser\u00e1n mil quinientos boletos los que se emitir\u00e1n, adem\u00e1s se contar\u00e1 con la participaci\u00f3n del Alcalde Mart\u00ednez Alc\u00e1zar, el secretario del Ayuntamiento, Jes\u00fas \u00c1valos Plata y el secretario de Administraci\u00f3n, Yankel Ben\u00edtez Silva, quienes jugar\u00e1n una \u201ccascarita\u201d con los ex astros del bal\u00f3n pie de los equipos de Futbol Canarios y Monarcas Morelia.<\/p>\n<p>Ortiz \u00c1vila asegur\u00f3 que para atacar el problema de ra\u00edz, es necesario hacer conciencia en las personas, por lo que hizo extensiva la invitaci\u00f3n a la ciudadan\u00eda preocupada por el bienestar animal o amantes futboleros a participar por una causa altruista.<\/p>\n<p>Asimismo, el secretario de Servicios P\u00fablicos Municipales invit\u00f3 a toda la poblaci\u00f3n moreliana a hacer un acto de reflexi\u00f3n, que el procedimiento quir\u00fargico es un acto de responsabilidad con sus mascotas, ya sean caninos o felinos, para que no se convierta en un problema de salud p\u00fablica el abandono en la calle de perros y gatos por su proliferaci\u00f3n.<\/p>\n<p>Gil V\u00e1zquez agradeci\u00f3 \u00a0a los ex jugadores de futbol y su compromiso con la concientizaci\u00f3n de la poblaci\u00f3n de la capital michoacana y reconoci\u00f3 que en la sociedad se tiene a un gran aliado y con esa confianza doblar el n\u00famero de esterilizaciones que se realizan actualmente en la ciudad.<\/p>\n","protected":false},"excerpt":{"rendered":"<p>Acorde a las necesidades ciudadanas, el Ayuntamiento de Morelia en conjunto con la sociedad civil organizada anunci\u00f3 la Campa\u00f1a de Esterilizaci\u00f3n y Feria de la Adopci\u00f3n, a realizarse el pr\u00f3ximo 12 de diciembre.<\/p>\n","protected":false},"author":1,"featured_media":20260,"comment_status":"open","ping_status":"open","sticky":false,"template":"","format":"standard","meta":{"footnotes":""},"categories":[14,9],"tags":[],"class_list":["post-20259","post","type-post","status-publish","format-standard","has-post-thumbnail","hentry","category-destacadas","category-morelia"],"_links":{"self":[{"href":"https:\/\/radiowebmx.com\/nota\/wp-json\/wp\/v2\/posts\/20259","targetHints":{"allow":["GET"]}}],"collection":[{"href":"https:\/\/radiowebmx.com\/nota\/wp-json\/wp\/v2\/posts"}],"about":[{"href":"https:\/\/radiowebmx.com\/nota\/wp-json\/wp\/v2\/types\/post"}],"author":[{"embeddable":true,"href":"https:\/\/radiowebmx.com\/nota\/wp-json\/wp\/v2\/users\/1"}],"replies":[{"embeddable":true,"href":"https:\/\/radiowebmx.com\/nota\/wp-json\/wp\/v2\/comments?post=20259"}],"version-history":[{"count":1,"href":"https:\/\/radiowebmx.com\/nota\/wp-json\/wp\/v2\/posts\/20259\/revisions"}],"predecessor-version":[{"id":20261,"href":"https:\/\/radiowebmx.com\/nota\/wp-json\/wp\/v2\/posts\/20259\/revisions\/20261"}],"wp:featuredmedia":[{"embeddable":true,"href":"https:\/\/radiowebmx.com\/nota\/wp-json\/wp\/v2\/media\/20260"}],"wp:attachment":[{"href":"https:\/\/radiowebmx.com\/nota\/wp-json\/wp\/v2\/media?parent=20259"}],"wp:term":[{"taxonomy":"category","embeddable":true,"href":"https:\/\/radiowebmx.com\/nota\/wp-json\/wp\/v2\/categories?post=20259"},{"taxonomy":"post_tag","embeddable":true,"href":"https:\/\/radiowebmx.com\/nota\/wp-json\/wp\/v2\/tags?post=20259"}],"curies":[{"name":"wp","href":"https:\/\/api.w.org\/{rel}","templated":true}]}}