{"id":20257,"date":"2015-12-11T17:50:32","date_gmt":"2015-12-11T23:50:32","guid":{"rendered":"https:\/\/radiowebmx.com\/nota\/?p=20257"},"modified":"2015-12-11T17:50:32","modified_gmt":"2015-12-11T23:50:32","slug":"temas-de-cafe-412","status":"publish","type":"post","link":"https:\/\/radiowebmx.com\/nota\/temas-de-cafe-412\/","title":{"rendered":"TEMAS DE CAF\u00c9"},"content":{"rendered":"<ul>\n<li><a href=\"https:\/\/radiowebmx.com\/nota\/wp-content\/uploads\/2013\/06\/temas-de-cafe.jpg\"><img loading=\"lazy\" decoding=\"async\" class=\"alignleft size-full wp-image-2805\" src=\"https:\/\/radiowebmx.com\/nota\/wp-content\/uploads\/2013\/06\/temas-de-cafe.jpg\" alt=\"temas de cafe\" width=\"295\" height=\"171\" \/><\/a>UN AMPLIO APOYO A SILVANO<\/li>\n<li>NORMALISTAS EXAGERARON<\/li>\n<li>PROMOSION PARA MICHOACAN<\/li>\n<li>CHAVEZ, MADURO, VENEZUELA<\/li>\n<\/ul>\n<p>No cabe duda que por fin, los normalistas y los docentes de la CNTE, lograron unir a la mayor\u00eda de los michoacanos en su contra, y lograron lo que muchos gobernadores, en los \u00faltimos a\u00f1os no hab\u00edan logrado, contar con el apoyo de los michoacanos, para\u00a0 hacer valer el estado de derecho, as\u00ed en forma simple, sin adjetivos\u00a0 aplicando la ley al caso espec\u00edfico, y desde luego el apoyo de la Federaci\u00f3n, al aceptar a los m\u00e1s de 50 normalistas entre hombres y mujeres, que fueron llevados a ceferesos en diversas partes del pa\u00eds, obvio la CNTE punta de lanza en todo este problema, teme perder su parcela de las normales, por eso los cuida, por eso moviliza a los padres de familia y a los ind\u00edgenas, \u00a0donde cuenta con cierto apoyo, parece est\u00e1 jugando su \u00faltima carta, porque su movimiento camina rumbo al fracaso&#8230; y la c\u00e1rcel.<\/p>\n<p>PADRES DE FAMILIA Y LOS JORNALEROS EN URUAPAN<\/p>\n<p>Varios padres de familia fueron a entrevistarse, con el procurador de justicia en el estado\u00a0 Mart\u00edn Godoy, a quien le exigieron obviamente la libertad de sus reto\u00f1os, aceptaron que son j\u00f3venes inocentes e inmaduros, son enga\u00f1ados por sus maestros y l\u00edderes, quienes los obligan a realizar esas acciones, a veces violentas y podemos aceptar que sean ingenuos, pero nunca inocentes porque saben perfectamente, lo que hacen o sean son imputables, porque no son enfermos mentales, no tienen insuficiencia de la inteligencia,\u00a0 ni grave perturbaci\u00f3n de la conciencia y son mayores de 16 a\u00f1os.<\/p>\n<p>\u00bfQUIENES SON LOS QUE MECEN LA CUNA?<\/p>\n<p>Valdr\u00eda la pena que las \u00e1reas de inteligencia, del Gobierno del estado, le siga el hilo a qui\u00e9nes son los mecenas, de estos movimiento, porque no se movilizan gratis, aunque secuestren unidades del transporte, de cualquier modo esas movilizaciones cuestan dinero, as\u00ed \u00bfqui\u00e9nes son los que aportan los recursos,?, qui\u00e9nes no quieren que cambie el status porque en \u00e9l ganan, o bien \u00bfqui\u00e9nes son los interesados en descarrilar el proyecto de Silvano; \u00bfa\u00a0 qui\u00e9n le molesta que Silvano luzca?, por ah\u00ed deben estar quienes patrocinan todos estos actos. Y a los normalistas por ingenuos, a ver si as\u00ed aprenden.<\/p>\n<p>RESPALDO TOTAL A LAS ACCIONES DEL GOBIERNO<\/p>\n<p>Todas las c\u00e1maras y organismos sociales activos de la entidad, entre quienes destacan\u00a0 la CIRT,\u00a0 el Consejo Coordinador Empresarial, la Fecanaco, Canaimpa, Canagraf, Canirac, Canacar, Apeam, los Ex Avall, el Codemi, Pumich, la Amda, la Incotex y varios organismos m\u00e1s, le\u00a0 dieron todo su respaldo al gobernador michoacano Silvano Aureoles, para poner en orden a los normalistas y a la CNTE, por las acciones violentas y fuera de la ley, que han realizado y realizan en estos d\u00edas.<\/p>\n<p>EL CONGRESO APOYO A MEDIAS PARA SILVANO<\/p>\n<p>Nos parece normal que los integrantes del Congreso,\u00a0 no apoyen en forma un\u00e1nime al gobernador Silvano,\u00a0 en sus acciones legales contra las acciones ilegales y violentas de los normalistas y la CNTE, porque el Congreso tiene personas con intereses distintos, unos v\u00e1lidos y otros de grupo y hasta personales, pero lo que m\u00e1s llama la atenci\u00f3n, es que de los 40 diputados una buena parte, no respald\u00f3\u00a0 el pronunciamiento por Michoac\u00e1n , que\u00a0 contiene propuestas para poner orden en el sistema educativo, el cual hoy presenta diversas irregularidades.<\/p>\n<p>PEROPUESTAS BASICAS DEL CONGRESO<\/p>\n<p>Se exhorta a la Secretar\u00eda de Educaci\u00f3n para que realice, una prolongada revisi\u00f3n de la calidad educativa, el funcionamiento y el gasto que se destina a las escuelas normales del estado, y se informe al congreso, se haga una revisi\u00f3n\u00a0 puntual de los comisionados en los sindicatos magisteriales, a prop\u00f3sito de que el personal adscrito en forma irregular, en esos gremios regrese al servicio adscrito, o sea dado de baja en forma inmediata si se opone todo el personal, que cobra sin trabajar cause baja.<\/p>\n<p>Adem\u00e1s ordena a la Auditor\u00eda Superior de \u00a0\u00a0sector educativo, ya que est\u00e1 en riesgo la viabilidad econ\u00f3mica, de la administraci\u00f3n estatal por ello es imperativo, implementar medidas\u00a0 de austeridad y eficacia, porque la SEE debe recuperar el control de la educaci\u00f3n, por lo tanto no se debe permitir a los dirigentes sindicales, del magisterio impongan sus decisiones.<\/p>\n<p>JUAN PABLO PUEBLA EL PRIMERO EN OPONERSE<\/p>\n<p>Varios legisladores del PRD y del PRI, se deslindaron de este manifiesto que dignifica al Congreso, porque pocas veces hemos visto una\u00a0 posici\u00f3n tan justa y digna, apoyando las acciones del gobernador, para intentar poner orden de una vez, en el sector educativo el cual tiende a decantarse, en un sector de baja capacidad y productividad, nada m\u00e1s hay que ver los resultados que tenemos en educaci\u00f3n,\u00a0 en todos los par\u00e1metros estamos en los \u00faltimos lugares, adem\u00e1s las escuelas privadas cada d\u00eda aumentan, por las acciones de la CNTE, que tiene a la educaci\u00f3n michoacana en los \u00faltimos lugares.<\/p>\n<p>O ESTAN CON MICHOACAN O CONTRA MICHOACAN<\/p>\n<p>Podemos aceptar que m\u00e1s que reforma educativa, es laboral pero todos los aspectos inciden en la educaci\u00f3n, porque ahora las plazas ya no son autom\u00e1ticas,\u00a0 ahora se las tienen que ganar con capacidad, para lo cual no est\u00e1n preparados, \u00a0ya no podr\u00e1n heredar las plaza ni venderlas como antes, hay acasos en que el pap\u00e1 era profesor, y la hered\u00f3 a su hijo que ni saber leer ni escribir sab\u00eda, no ten\u00eda el perfil, as\u00ed la educaci\u00f3n\u00a0 michoacana se fue hundiendo.<\/p>\n<p>LA JUNTA DE COORDINACI\u00d3N REPRESENTA AL CONGRESO<\/p>\n<p>Por otra parte los disidentes que se deslindaron del pronunciamiento, verg\u00fcenza les debe dar, porque est\u00e1n\u00a0 de la parte m\u00e1s oscura de la entidad, quienes quieren que la educaci\u00f3n siga p\u00e9sima, para que los michoacanos solamente sirvan para trabajos de poca calidad, y salarios bajos, y es que la responsable de la publicaci\u00f3n, proponiendo al gobernador medidas justas y certeras, fue la junta de coordinaci\u00f3n pol\u00edtica que representa a los legisladores, si no est\u00e1n de acuerdo con ellos rel\u00e9venlos, pero no los descalifiquen porque todos los eligieron. O \u00bfacaso quieren iniciar el PPW?.<\/p>\n<p>VENEZUELA UN CLARO EJEMPLO DEL POPULISMO<\/p>\n<p>La verdad no logramos entender a los perredistas, que adoraron a Hugo Ch\u00e1vez y desde luego ahora a Maduro, los mismos que apoyan a los normalistas y a la CNTE, los dos lograron hundir una econom\u00eda, en su tiempo hace unos 40 a\u00f1os, la mejor de Am\u00e9rica Latina porque Venezuela tiene petr\u00f3leo y gas, en grandes cantidades y forma parte de la OPEP, el organismo que regula los precios del petr\u00f3leo en el mundo, adem\u00e1s tiene ganader\u00eda, minerales y agua en abundancia para la agricultura en general. Venezuela fue un pa\u00eds pr\u00f3spero y Ch\u00e1vez y ahora Maduro lo hundieron en la pobreza. \u00bfEso quieren para M\u00e9xico y Michoac\u00e1n?.<\/p>\n<p>\u00bfBELINDA PARA PROMOSIONAR A MICHOACAN?<\/p>\n<p>No nos agrada mucho criticar a la titular de Turismo, Liliana L\u00f3pez porque entendemos que es la menos culpable, de estar en ese lugar pero si podemos hacerlo en cuanto a sus acciones, por ejemplo no entendemos por qu\u00e9 para promocionar a Michoac\u00e1n, intente traer a Belinda una linda mujer cantante, espa\u00f1ola cuando en Michoac\u00e1n tenemos artistas de primer nivel, o es \u00bfla nueva Conquista Ib\u00e9rica?.<\/p>\n<p>\u00bfC\u00f3mo hacer la reuni\u00f3n con esta chica, en el restaurant Frida Kahlo?, ese lugar no tiene nada que ver con los usos y costumbres, de Michoac\u00e1n , bien podr\u00eda haber hecho esta reuni\u00f3n en San Miguelito, o en alguna troje o Emilianos, as\u00ed vea usted tenemos grades artistas y compositores, para que promuevan las bellezas de las ciudades de Michoac\u00e1n, como Juan Gabriel o el Buki o artistas como Gael Garc\u00eda, su padre es de Huetamo o el mismo Dami\u00e1n Alc\u00e1zar un excelente artista, y todos michoacanos, como para traer a una extranjera recomendada por Televisa.<\/p>\n<p>EL BUKI, JUAN GABRIEL Y JESSE AND JOY<\/p>\n<p>Si usted tiene memoria recordar\u00e1 que Juan Gabriel, hizo un video en Tzintzuntzan, el Buki en P\u00e1tzcuaro y el grupo musical Jesse &amp; Joy en el volc\u00e1n\u00a0 Paricut\u00edn y en P\u00e1tzcuaro, no debemos avergonzarnos de nuestro pasado y presente, en la globalizaci\u00f3n es necesario fortalecer nuestra identidad, ante el mundo y se\u00f1ora Secretaria de Turismo, con Belinda no fortalecer\u00e1 nuestra identidad perdone usted, ante la actitud negativa de los normalistas y la CNTE, se necesita una promoci\u00f3n inteligente de las ciudades del estado.<\/p>\n","protected":false},"excerpt":{"rendered":"<p>\u2022\tUN AMPLIO APOYO A SILVANO<br \/>\n\u2022\tNORMALISTAS EXAGERARON<br \/>\n\u2022\tPROMOSION PARA MICHOACAN<br \/>\n\u2022\tCHAVEZ, MADURO, VENEZUELA<\/p>\n","protected":false},"author":1,"featured_media":0,"comment_status":"open","ping_status":"open","sticky":false,"template":"","format":"standard","meta":{"footnotes":""},"categories":[4,14,10],"tags":[],"class_list":["post-20257","post","type-post","status-publish","format-standard","hentry","category-columnistas","category-destacadas","category-juan-manuel-belmonte"],"_links":{"self":[{"href":"https:\/\/radiowebmx.com\/nota\/wp-json\/wp\/v2\/posts\/20257","targetHints":{"allow":["GET"]}}],"collection":[{"href":"https:\/\/radiowebmx.com\/nota\/wp-json\/wp\/v2\/posts"}],"about":[{"href":"https:\/\/radiowebmx.com\/nota\/wp-json\/wp\/v2\/types\/post"}],"author":[{"embeddable":true,"href":"https:\/\/radiowebmx.com\/nota\/wp-json\/wp\/v2\/users\/1"}],"replies":[{"embeddable":true,"href":"https:\/\/radiowebmx.com\/nota\/wp-json\/wp\/v2\/comments?post=20257"}],"version-history":[{"count":1,"href":"https:\/\/radiowebmx.com\/nota\/wp-json\/wp\/v2\/posts\/20257\/revisions"}],"predecessor-version":[{"id":20258,"href":"https:\/\/radiowebmx.com\/nota\/wp-json\/wp\/v2\/posts\/20257\/revisions\/20258"}],"wp:attachment":[{"href":"https:\/\/radiowebmx.com\/nota\/wp-json\/wp\/v2\/media?parent=20257"}],"wp:term":[{"taxonomy":"category","embeddable":true,"href":"https:\/\/radiowebmx.com\/nota\/wp-json\/wp\/v2\/categories?post=20257"},{"taxonomy":"post_tag","embeddable":true,"href":"https:\/\/radiowebmx.com\/nota\/wp-json\/wp\/v2\/tags?post=20257"}],"curies":[{"name":"wp","href":"https:\/\/api.w.org\/{rel}","templated":true}]}}