{"id":20250,"date":"2015-12-11T17:39:59","date_gmt":"2015-12-11T23:39:59","guid":{"rendered":"https:\/\/radiowebmx.com\/nota\/?p=20250"},"modified":"2015-12-11T17:39:59","modified_gmt":"2015-12-11T23:39:59","slug":"culmina-fase-regular-del-x-torneo-nacional-de-futbol-veteranos-platino","status":"publish","type":"post","link":"https:\/\/radiowebmx.com\/nota\/culmina-fase-regular-del-x-torneo-nacional-de-futbol-veteranos-platino\/","title":{"rendered":"Culmina fase regular del X Torneo Nacional de F\u00fatbol Veteranos Platino"},"content":{"rendered":"<p><a href=\"https:\/\/radiowebmx.com\/nota\/wp-content\/uploads\/2015\/12\/ca649b6f-04b2-4ccd-aea5-ba8bb829abc1.jpg\"><img loading=\"lazy\" decoding=\"async\" class=\"alignleft size-full wp-image-20251\" src=\"https:\/\/radiowebmx.com\/nota\/wp-content\/uploads\/2015\/12\/ca649b6f-04b2-4ccd-aea5-ba8bb829abc1.jpg\" alt=\"ca649b6f-04b2-4ccd-aea5-ba8bb829abc1\" width=\"591\" height=\"324\" srcset=\"https:\/\/radiowebmx.com\/nota\/wp-content\/uploads\/2015\/12\/ca649b6f-04b2-4ccd-aea5-ba8bb829abc1.jpg 591w, https:\/\/radiowebmx.com\/nota\/wp-content\/uploads\/2015\/12\/ca649b6f-04b2-4ccd-aea5-ba8bb829abc1-300x164.jpg 300w\" sizes=\"auto, (max-width: 591px) 100vw, 591px\" \/><\/a>En el af\u00e1n de promover el deporte entre los adultos mayores, el presidente municipal de Morelia, Alfonso Mart\u00ednez Alc\u00e1zar, contin\u00faa pendiente del buen desarrollo del X Torneo Nacional de F\u00fatbol Veteranos Platino, el cual arroj\u00f3 este d\u00eda a los cuatro representativos que van en la b\u00fasqueda por el t\u00edtulo: los actuales campeones, Michoac\u00e1n \u201cA\u201d, Morelos, Nayarit y Baja California Norte.<\/p>\n<p>En aras de contribuir al desarrollo del deporte en todas las categor\u00edas, la administraci\u00f3n encabezada por el Alcalde, Alfonso Mart\u00ednez Alc\u00e1zar, a trav\u00e9s del Instituto Municipal de Cultura F\u00edsica y Deporte (IMDE) y su director general, Gustavo Ju\u00e1rez Bedolla, dio luz verde para la realizaci\u00f3n del campeonato nacional de adultos mayores en Morelia.<\/p>\n<p>La Federaci\u00f3n Mexicana de Futbol, en su sector amateur,\u00a0 en coordinaci\u00f3n con la Asociaci\u00f3n Michoacana de la especialidad, celebra la d\u00e9cima edici\u00f3n del evento y que por tercera ocasi\u00f3n toca tierras michoacanas, con el objetivo de generar sana convivencia por medio de la actividad f\u00edsica.<\/p>\n<p>La tercera y \u00faltima jornada de la fase regular del torneo, sostuvo el duelo entre Michoac\u00e1n \u201cB\u201d, originario de la Liga Siglo XX\u00a0 de Morelia y Nayarit, quien lleg\u00f3 ya clasificado y como l\u00edder del grupo B, en partido disputado en la cancha 15 de la unidad deportiva Cuauht\u00e9moc, conocida popularmente como \u201cPolic\u00eda y Tr\u00e1nsito\u201d, en punto de las 11:00 horas.<\/p>\n","protected":false},"excerpt":{"rendered":"<p>En el af\u00e1n de promover el deporte entre los adultos mayores, el presidente municipal de Morelia, Alfonso Mart\u00ednez Alc\u00e1zar, contin\u00faa pendiente del buen desarrollo del X Torneo Nacional de F\u00fatbol Veteranos Platino, <\/p>\n","protected":false},"author":1,"featured_media":20251,"comment_status":"open","ping_status":"open","sticky":false,"template":"","format":"standard","meta":{"footnotes":""},"categories":[14,9],"tags":[],"class_list":["post-20250","post","type-post","status-publish","format-standard","has-post-thumbnail","hentry","category-destacadas","category-morelia"],"_links":{"self":[{"href":"https:\/\/radiowebmx.com\/nota\/wp-json\/wp\/v2\/posts\/20250","targetHints":{"allow":["GET"]}}],"collection":[{"href":"https:\/\/radiowebmx.com\/nota\/wp-json\/wp\/v2\/posts"}],"about":[{"href":"https:\/\/radiowebmx.com\/nota\/wp-json\/wp\/v2\/types\/post"}],"author":[{"embeddable":true,"href":"https:\/\/radiowebmx.com\/nota\/wp-json\/wp\/v2\/users\/1"}],"replies":[{"embeddable":true,"href":"https:\/\/radiowebmx.com\/nota\/wp-json\/wp\/v2\/comments?post=20250"}],"version-history":[{"count":1,"href":"https:\/\/radiowebmx.com\/nota\/wp-json\/wp\/v2\/posts\/20250\/revisions"}],"predecessor-version":[{"id":20252,"href":"https:\/\/radiowebmx.com\/nota\/wp-json\/wp\/v2\/posts\/20250\/revisions\/20252"}],"wp:featuredmedia":[{"embeddable":true,"href":"https:\/\/radiowebmx.com\/nota\/wp-json\/wp\/v2\/media\/20251"}],"wp:attachment":[{"href":"https:\/\/radiowebmx.com\/nota\/wp-json\/wp\/v2\/media?parent=20250"}],"wp:term":[{"taxonomy":"category","embeddable":true,"href":"https:\/\/radiowebmx.com\/nota\/wp-json\/wp\/v2\/categories?post=20250"},{"taxonomy":"post_tag","embeddable":true,"href":"https:\/\/radiowebmx.com\/nota\/wp-json\/wp\/v2\/tags?post=20250"}],"curies":[{"name":"wp","href":"https:\/\/api.w.org\/{rel}","templated":true}]}}