{"id":20247,"date":"2015-12-11T17:36:13","date_gmt":"2015-12-11T23:36:13","guid":{"rendered":"https:\/\/radiowebmx.com\/nota\/?p=20247"},"modified":"2015-12-11T17:36:13","modified_gmt":"2015-12-11T23:36:13","slug":"fortalece-combate-contra-incendios-forestales","status":"publish","type":"post","link":"https:\/\/radiowebmx.com\/nota\/fortalece-combate-contra-incendios-forestales\/","title":{"rendered":"Fortalece combate contra incendios forestales"},"content":{"rendered":"<p class=\"ecxMsoNormal\"><a href=\"https:\/\/radiowebmx.com\/nota\/wp-content\/uploads\/2015\/12\/IMG-20151210-WA0009.jpg\"><img loading=\"lazy\" decoding=\"async\" class=\"alignleft size-full wp-image-20248\" src=\"https:\/\/radiowebmx.com\/nota\/wp-content\/uploads\/2015\/12\/IMG-20151210-WA0009.jpg\" alt=\"IMG-20151210-WA0009\" width=\"591\" height=\"280\" srcset=\"https:\/\/radiowebmx.com\/nota\/wp-content\/uploads\/2015\/12\/IMG-20151210-WA0009.jpg 591w, https:\/\/radiowebmx.com\/nota\/wp-content\/uploads\/2015\/12\/IMG-20151210-WA0009-300x142.jpg 300w\" sizes=\"auto, (max-width: 591px) 100vw, 591px\" \/><\/a>Para hacer frente a la temporada de incendios forestales durante 2016, la Comisi\u00f3n Nacional Forestal (Conafor) entreg\u00f3\u00a0 simb\u00f3licamente herramientas a brigadas de la Comisi\u00f3n Nacional de \u00c1reas Naturales Protegidas (Conanp).<\/p>\n<p class=\"ecxMsoNormal\">\u00a0La entrega fue realizada este jueves por Jorge Rescala P\u00e9rez, Director de la Conafor, y Alejandro del Mazo Maza, Comisionado de la\u00a0 Conanp, en el paraje Paso de Cort\u00e9s en el Parque Nacional Izta-Popo en Amecameca, Estado de M\u00e9xico.<\/p>\n<p class=\"ecxMsoNormal\">\u00a0En ese lugar, se efectu\u00f3 el equipamiento simb\u00f3lico de herramientas a brigadas de combate de incendios forestales de la Comisi\u00f3n.<\/p>\n<p class=\"ecxMsoNormal\">\u00a0Las herramientas entregadas fueron a tres brigadas de las \u00c1reas Naturales Protegidas de los parques La Monta\u00f1a La Malinche, Nacional Izta-Popo y la Reserva de la Biosfera Tehuac\u00e1n-Cuicatl\u00e1n.<\/p>\n<p class=\"ecxMsoNormal\">\u00a0Al evento asistieron\u00a0 Gloria Tavera Alonso, Directora de la Regi\u00f3n Centro y Eje Neo volc\u00e1nico de la Conanp, Humberto Aguilar Viveros y\u00a0 Edgar Conzuelo Contreras, Gerentes Estatales de la Conafor de Puebla y\u00a0 Estado de M\u00e9xico respectivamente.<\/p>\n<p class=\"ecxMsoNormal\">\u00a0\u201cEl total de herramienta que estamos transfiriendo es de 8 mil 515 piezas entre hachas, limas, palas, machetes, rastrillos, mochilas para aspersi\u00f3n, piezas de repuesto para la herramienta y el equipo; adem\u00e1s de botiquines y espuma supresora de fuego, entre otros art\u00edculos, que representan una inversi\u00f3n de 9.4 millones de pesos.<\/p>\n<p class=\"ecxMsoNormal\">\u00a0\u201cCabe se\u00f1alar que a nivel nacional, entre todas las instancias que aportan brigadas como son los gobiernos federal y estatales; los productores y las organizaciones, entre otras, se cuenta con 18 mil 240 combatientes que atienden los incendios\u201d, detall\u00f3 Rescala P\u00e9rez.<\/p>\n<p class=\"ecxMsoNormal\">\u00a0En tres a\u00f1os, los incendios forestales han disminuido: en 2013 hubo 10 mil 406 incendios, en 2014, 5 mil 325; y este a\u00f1o 3 mil 735, lo que representa una disminuci\u00f3n sensible de siniestros forestales.<\/p>\n<p class=\"ecxMsoNormal\">\u00a0En afectaciones, en 2013 hubo 413 mil 216 hect\u00e1reas da\u00f1adas; en 2014, 155 mil 533 y este a\u00f1o 88 mil 048. Actualmente existen 18 mil 240 brigadistas en el pa\u00eds<\/p>\n","protected":false},"excerpt":{"rendered":"<p>Para hacer frente a la temporada de incendios forestales durante 2016, la Conafor entreg\u00f3  simb\u00f3licamente herramientas a brigadas de la Conanp.<\/p>\n","protected":false},"author":1,"featured_media":20248,"comment_status":"open","ping_status":"open","sticky":false,"template":"","format":"standard","meta":{"footnotes":""},"categories":[14,3],"tags":[],"class_list":["post-20247","post","type-post","status-publish","format-standard","has-post-thumbnail","hentry","category-destacadas","category-gobierno-del-estado-de-michoacan"],"_links":{"self":[{"href":"https:\/\/radiowebmx.com\/nota\/wp-json\/wp\/v2\/posts\/20247","targetHints":{"allow":["GET"]}}],"collection":[{"href":"https:\/\/radiowebmx.com\/nota\/wp-json\/wp\/v2\/posts"}],"about":[{"href":"https:\/\/radiowebmx.com\/nota\/wp-json\/wp\/v2\/types\/post"}],"author":[{"embeddable":true,"href":"https:\/\/radiowebmx.com\/nota\/wp-json\/wp\/v2\/users\/1"}],"replies":[{"embeddable":true,"href":"https:\/\/radiowebmx.com\/nota\/wp-json\/wp\/v2\/comments?post=20247"}],"version-history":[{"count":1,"href":"https:\/\/radiowebmx.com\/nota\/wp-json\/wp\/v2\/posts\/20247\/revisions"}],"predecessor-version":[{"id":20249,"href":"https:\/\/radiowebmx.com\/nota\/wp-json\/wp\/v2\/posts\/20247\/revisions\/20249"}],"wp:featuredmedia":[{"embeddable":true,"href":"https:\/\/radiowebmx.com\/nota\/wp-json\/wp\/v2\/media\/20248"}],"wp:attachment":[{"href":"https:\/\/radiowebmx.com\/nota\/wp-json\/wp\/v2\/media?parent=20247"}],"wp:term":[{"taxonomy":"category","embeddable":true,"href":"https:\/\/radiowebmx.com\/nota\/wp-json\/wp\/v2\/categories?post=20247"},{"taxonomy":"post_tag","embeddable":true,"href":"https:\/\/radiowebmx.com\/nota\/wp-json\/wp\/v2\/tags?post=20247"}],"curies":[{"name":"wp","href":"https:\/\/api.w.org\/{rel}","templated":true}]}}